{"id":17037,"date":"2020-06-08T20:14:10","date_gmt":"2020-06-08T20:14:10","guid":{"rendered":"http:\/\/blogdorogeriogomes.com.br\/?p=17037"},"modified":"2020-06-09T13:10:53","modified_gmt":"2020-06-09T13:10:53","slug":"prefeitura-da-capital-confirma-retirada-de-patrocinios-do-ceara-e-do-fortaleza-em-2020-por-causa-da-pandemia","status":"publish","type":"post","link":"https:\/\/blogdorogeriogomes.com.br\/noticias\/2020\/06\/prefeitura-da-capital-confirma-retirada-de-patrocinios-do-ceara-e-do-fortaleza-em-2020-por-causa-da-pandemia\/","title":{"rendered":"Prefeitura da Capital confirma retirada de patroc\u00ednios do Cear\u00e1 e do Fortaleza em 2020 por causa da pandemia"},"content":{"rendered":"\n<p>Se a situa\u00e7\u00e3o do caixa das diretorias do Cear\u00e1 e do Fortaleza j\u00e1 n\u00e3o estava bom devido \u00e0 paralisa\u00e7\u00e3o do futebol por causa da pandemia do coronav\u00edrus, uma not\u00edcia gerou ainda mais preocupa\u00e7\u00e3o com as consequentes quedas de arrecada\u00e7\u00e3o. A Prefeitura Municipal de Fortaleza confirmou a suspens\u00e3o de patroc\u00ednios das duas equipes no Brasileir\u00e3o 2020. <\/p>\n\n\n\n<p>A decis\u00e3o foi publicada no Di\u00e1rio Oficial do Munic\u00edpio da \u00faltima sexta-feira, dia 5 de junho, e atende a uma orienta\u00e7\u00e3o do Minist\u00e9rio P\u00fablico Federal e do Minist\u00e9rio P\u00fablico Estadual. Foi recomendado que a Prefeitura de Fortaleza \u201cse abstenha de executar despesas referentes a patroc\u00ednios de clubes de futebol da Capital, at\u00e9 o final do exerc\u00edcio financeiro de 2020&#8243;.<\/p>\n\n\n\n<figure class=\"wp-block-gallery columns-1 is-cropped wp-block-gallery-1 is-layout-flex wp-block-gallery-is-layout-flex\"><ul class=\"blocks-gallery-grid\"><li class=\"blocks-gallery-item\"><figure><img loading=\"lazy\" decoding=\"async\" width=\"687\" height=\"447\" src=\"http:\/\/blogdorogeriogomes.com.br\/wp-content\/uploads\/2020\/06\/images.jpeg\" alt=\"\" data-id=\"17038\" data-full-url=\"http:\/\/blogdorogeriogomes.com.br\/wp-content\/uploads\/2020\/06\/images.jpeg\" data-link=\"http:\/\/blogdorogeriogomes.com.br\/?attachment_id=17038\" class=\"wp-image-17038\" srcset=\"https:\/\/blogdorogeriogomes.com.br\/noticias\/wp-content\/uploads\/2020\/06\/images.jpeg 687w, https:\/\/blogdorogeriogomes.com.br\/noticias\/wp-content\/uploads\/2020\/06\/images-300x195.jpeg 300w\" sizes=\"auto, (max-width: 687px) 100vw, 687px\" \/><\/figure><\/li><\/ul><\/figure>\n","protected":false},"excerpt":{"rendered":"<p>Se a situa\u00e7\u00e3o do caixa das diretorias do Cear\u00e1 e do Fortaleza j\u00e1 n\u00e3o estava bom devido \u00e0 paralisa\u00e7\u00e3o do futebol por causa da pandemia do coronav\u00edrus, uma not\u00edcia gerou ainda mais preocupa\u00e7\u00e3o com as consequentes quedas de arrecada\u00e7\u00e3o. A Prefeitura Municipal de Fortaleza confirmou a suspens\u00e3o de patroc\u00ednios das duas equipes no Brasileir\u00e3o 2020. A decis\u00e3o foi publicada no Di\u00e1rio Oficial do Munic\u00edpio da \u00faltima sexta-feira, dia 5 de junho, e atende a uma orienta\u00e7\u00e3o do Minist\u00e9rio P\u00fablico&hellip;<\/p>\n","protected":false},"author":1,"featured_media":17038,"comment_status":"open","ping_status":"open","sticky":false,"template":"","format":"standard","meta":{"footnotes":""},"categories":[1],"tags":[],"class_list":["post-17037","post","type-post","status-publish","format-standard","has-post-thumbnail","hentry","category-noticias"],"_links":{"self":[{"href":"https:\/\/blogdorogeriogomes.com.br\/noticias\/wp-json\/wp\/v2\/posts\/17037","targetHints":{"allow":["GET"]}}],"collection":[{"href":"https:\/\/blogdorogeriogomes.com.br\/noticias\/wp-json\/wp\/v2\/posts"}],"about":[{"href":"https:\/\/blogdorogeriogomes.com.br\/noticias\/wp-json\/wp\/v2\/types\/post"}],"author":[{"embeddable":true,"href":"https:\/\/blogdorogeriogomes.com.br\/noticias\/wp-json\/wp\/v2\/users\/1"}],"replies":[{"embeddable":true,"href":"https:\/\/blogdorogeriogomes.com.br\/noticias\/wp-json\/wp\/v2\/comments?post=17037"}],"version-history":[{"count":1,"href":"https:\/\/blogdorogeriogomes.com.br\/noticias\/wp-json\/wp\/v2\/posts\/17037\/revisions"}],"predecessor-version":[{"id":17039,"href":"https:\/\/blogdorogeriogomes.com.br\/noticias\/wp-json\/wp\/v2\/posts\/17037\/revisions\/17039"}],"wp:featuredmedia":[{"embeddable":true,"href":"https:\/\/blogdorogeriogomes.com.br\/noticias\/wp-json\/wp\/v2\/media\/17038"}],"wp:attachment":[{"href":"https:\/\/blogdorogeriogomes.com.br\/noticias\/wp-json\/wp\/v2\/media?parent=17037"}],"wp:term":[{"taxonomy":"category","embeddable":true,"href":"https:\/\/blogdorogeriogomes.com.br\/noticias\/wp-json\/wp\/v2\/categories?post=17037"},{"taxonomy":"post_tag","embeddable":true,"href":"https:\/\/blogdorogeriogomes.com.br\/noticias\/wp-json\/wp\/v2\/tags?post=17037"}],"curies":[{"name":"wp","href":"https:\/\/api.w.org\/{rel}","templated":true}]}}