{"id":17043,"date":"2020-06-09T02:52:27","date_gmt":"2020-06-09T02:52:27","guid":{"rendered":"http:\/\/blogdorogeriogomes.com.br\/?p=17043"},"modified":"2020-06-09T13:10:36","modified_gmt":"2020-06-09T13:10:36","slug":"em-participacao-no-roda-viva-camilo-santana-defende-alianca-do-pt-com-o-pdt-nas-eleicoes-municipais-em-fortaleza","status":"publish","type":"post","link":"https:\/\/blogdorogeriogomes.com.br\/noticias\/2020\/06\/em-participacao-no-roda-viva-camilo-santana-defende-alianca-do-pt-com-o-pdt-nas-eleicoes-municipais-em-fortaleza\/","title":{"rendered":"Em participa\u00e7\u00e3o no Roda Viva, Camilo Santana defende alian\u00e7a do PT com o PDT nas elei\u00e7\u00f5es municipais em Fortaleza"},"content":{"rendered":"\n<p>Em participa\u00e7\u00e3o no Programa Roda Viva, da TV Cultura, na noite desta segunda-feira, dia 8 de junho, o governador do Cear\u00e1, Camilo Santana (PT), voltou a defender uma alian\u00e7a ampla de for\u00e7as progressistas, envolvendo PT e PDT, nas elei\u00e7\u00f5es municipais em Fortaleza. Ele disse que ir\u00e1 lutar at\u00e9 o \u00faltimo momento por um acordo que envolva a defini\u00e7\u00e3o de um nome de consenso para a sucess\u00e3o do prefeito Roberto Cl\u00e1udio (PDT). Dois nomes do secretariado estadual foram colocados \u00e0 disposi\u00e7\u00e3o dos pedetistas para a forma\u00e7\u00e3o da chapa de situa\u00e7\u00e3o: \u00c9lcio Batista (PSB) e Nelson Martins (PT).<\/p>\n\n\n\n<p>No cen\u00e1rio nacional, Camilo disse ser defensor da cria\u00e7\u00e3o de uma frente ampla em defesa da democracia e das institui\u00e7\u00f5es, que devem sim, reunir nomes expressivos da oposi\u00e7\u00e3o, como o ex-presidente Lula (PT) e o ex-ministro Ciro Gomes (PDT). &#8220;A luta agora tem que ser pelo Pa\u00eds, que enfrenta essa pandemia. As elei\u00e7\u00f5es de 2022 ainda est\u00e3o distantes. \u00c9 assunto para o futuro&#8221;, afirmou.<\/p>\n\n\n\n<p>Sobre a reabertura da economia no Cear\u00e1 e o in\u00edcio da Fase 1 do plano de retomada de v\u00e1rios setores produtivos em Fortaleza, o governador cearense diz estar apostando na consci\u00eancia e no bom comportamento da popula\u00e7\u00e3o. A volta de pelo menos 30% do com\u00e9rcio, incluindo os shoppings, causou corre-corre das pessoas nesta segunda-feira, dia 8. Camilo Santana prometeu fiscaliza\u00e7\u00e3o rigorosa dos protocolos de seguran\u00e7a para evitar um aumento no n\u00famero de casos da Covid-19 na Capital. &#8220;Em conjunto com a Prefeitura, vamos refor\u00e7ar a fiscaliza\u00e7\u00e3o a partir desta ter\u00e7a-feira. O comportamento das pessoas ser\u00e1 analisado n\u00f3s pr\u00f3ximos 14 dias para saber se iremos ou n\u00e3o avan\u00e7ar de fase&#8221;, ponderou.<\/p>\n\n\n\n<figure class=\"wp-block-gallery columns-1 is-cropped wp-block-gallery-1 is-layout-flex wp-block-gallery-is-layout-flex\"><ul class=\"blocks-gallery-grid\"><li class=\"blocks-gallery-item\"><figure><img loading=\"lazy\" decoding=\"async\" width=\"1024\" height=\"768\" src=\"http:\/\/blogdorogeriogomes.com.br\/wp-content\/uploads\/2020\/06\/IMG_20200608_221014952-1024x768.jpg\" alt=\"\" data-id=\"17044\" data-full-url=\"http:\/\/blogdorogeriogomes.com.br\/wp-content\/uploads\/2020\/06\/IMG_20200608_221014952-scaled.jpg\" data-link=\"http:\/\/blogdorogeriogomes.com.br\/?attachment_id=17044\" class=\"wp-image-17044\" srcset=\"https:\/\/blogdorogeriogomes.com.br\/noticias\/wp-content\/uploads\/2020\/06\/IMG_20200608_221014952-1024x768.jpg 1024w, https:\/\/blogdorogeriogomes.com.br\/noticias\/wp-content\/uploads\/2020\/06\/IMG_20200608_221014952-300x225.jpg 300w, https:\/\/blogdorogeriogomes.com.br\/noticias\/wp-content\/uploads\/2020\/06\/IMG_20200608_221014952-768x576.jpg 768w, https:\/\/blogdorogeriogomes.com.br\/noticias\/wp-content\/uploads\/2020\/06\/IMG_20200608_221014952-1536x1152.jpg 1536w, https:\/\/blogdorogeriogomes.com.br\/noticias\/wp-content\/uploads\/2020\/06\/IMG_20200608_221014952-2048x1536.jpg 2048w, https:\/\/blogdorogeriogomes.com.br\/noticias\/wp-content\/uploads\/2020\/06\/IMG_20200608_221014952-800x600.jpg 800w, https:\/\/blogdorogeriogomes.com.br\/noticias\/wp-content\/uploads\/2020\/06\/IMG_20200608_221014952-400x300.jpg 400w\" sizes=\"auto, (max-width: 1024px) 100vw, 1024px\" \/><\/figure><\/li><\/ul><\/figure>\n","protected":false},"excerpt":{"rendered":"<p>Em participa\u00e7\u00e3o no Programa Roda Viva, da TV Cultura, na noite desta segunda-feira, dia 8 de junho, o governador do Cear\u00e1, Camilo Santana (PT), voltou a defender uma alian\u00e7a ampla de for\u00e7as progressistas, envolvendo PT e PDT, nas elei\u00e7\u00f5es municipais em Fortaleza. Ele disse que ir\u00e1 lutar at\u00e9 o \u00faltimo momento por um acordo que envolva a defini\u00e7\u00e3o de um nome de consenso para a sucess\u00e3o do prefeito Roberto Cl\u00e1udio (PDT). Dois nomes do secretariado estadual foram colocados \u00e0&hellip;<\/p>\n","protected":false},"author":1,"featured_media":17044,"comment_status":"open","ping_status":"open","sticky":false,"template":"","format":"standard","meta":{"footnotes":""},"categories":[1],"tags":[],"class_list":["post-17043","post","type-post","status-publish","format-standard","has-post-thumbnail","hentry","category-noticias"],"_links":{"self":[{"href":"https:\/\/blogdorogeriogomes.com.br\/noticias\/wp-json\/wp\/v2\/posts\/17043","targetHints":{"allow":["GET"]}}],"collection":[{"href":"https:\/\/blogdorogeriogomes.com.br\/noticias\/wp-json\/wp\/v2\/posts"}],"about":[{"href":"https:\/\/blogdorogeriogomes.com.br\/noticias\/wp-json\/wp\/v2\/types\/post"}],"author":[{"embeddable":true,"href":"https:\/\/blogdorogeriogomes.com.br\/noticias\/wp-json\/wp\/v2\/users\/1"}],"replies":[{"embeddable":true,"href":"https:\/\/blogdorogeriogomes.com.br\/noticias\/wp-json\/wp\/v2\/comments?post=17043"}],"version-history":[{"count":2,"href":"https:\/\/blogdorogeriogomes.com.br\/noticias\/wp-json\/wp\/v2\/posts\/17043\/revisions"}],"predecessor-version":[{"id":17046,"href":"https:\/\/blogdorogeriogomes.com.br\/noticias\/wp-json\/wp\/v2\/posts\/17043\/revisions\/17046"}],"wp:featuredmedia":[{"embeddable":true,"href":"https:\/\/blogdorogeriogomes.com.br\/noticias\/wp-json\/wp\/v2\/media\/17044"}],"wp:attachment":[{"href":"https:\/\/blogdorogeriogomes.com.br\/noticias\/wp-json\/wp\/v2\/media?parent=17043"}],"wp:term":[{"taxonomy":"category","embeddable":true,"href":"https:\/\/blogdorogeriogomes.com.br\/noticias\/wp-json\/wp\/v2\/categories?post=17043"},{"taxonomy":"post_tag","embeddable":true,"href":"https:\/\/blogdorogeriogomes.com.br\/noticias\/wp-json\/wp\/v2\/tags?post=17043"}],"curies":[{"name":"wp","href":"https:\/\/api.w.org\/{rel}","templated":true}]}}