{"id":17047,"date":"2020-06-09T03:16:33","date_gmt":"2020-06-09T03:16:33","guid":{"rendered":"http:\/\/blogdorogeriogomes.com.br\/?p=17047"},"modified":"2020-06-10T14:19:17","modified_gmt":"2020-06-10T14:19:17","slug":"ministro-alexandre-de-moraes-determina-que-ministerio-da-saude-volte-a-fornecer-todos-os-dados-sobre-a-covid-19-a-populacao","status":"publish","type":"post","link":"https:\/\/blogdorogeriogomes.com.br\/noticias\/2020\/06\/ministro-alexandre-de-moraes-determina-que-ministerio-da-saude-volte-a-fornecer-todos-os-dados-sobre-a-covid-19-a-populacao\/","title":{"rendered":"Ministro Alexandre de Moraes determina que Minist\u00e9rio da Sa\u00fade volte a fornecer todos os dados sobre a Covid-19 \u00e0 popula\u00e7\u00e3o"},"content":{"rendered":"\n<p>O STF volta a obrigar o Governo Federal a rever uma determina\u00e7\u00e3o do Executivo que vai de encontro ao que diz a Constitui\u00e7\u00e3o, no quesito transpar\u00eancia de dados p\u00fablicos. O ministro Alexandre de Moraes, do Supremo Tribunal Federal (STF), determinou nesta segunda-feira, dia 8 de junho, que o Minist\u00e9rio da Sa\u00fade retome a divulga\u00e7\u00e3o dos dados acumulados do coronav\u00edrus.<\/p>\n\n\n\n<p>O ministro do STF tomou a decis\u00e3o ao analisar uma a\u00e7\u00e3o apresentada pelos partidos Rede Sustentabilidade, PSOL e PCdoB. Alexandre de Moraes determinou que a Advocacia Geral da Uni\u00e3o (AGU) preste as informa\u00e7\u00f5es &#8220;que entender necess\u00e1rias&#8221; no prazo de 48 horas.<\/p>\n\n\n\n<p>Antes, o Minist\u00e9rio da Sa\u00fade divulgava os dados totais de pessoas infectadas, mortes e curvas de infec\u00e7\u00e3o por regi\u00e3o, por exemplo. Na semana passada, o governo mudou a forma. Decidiu excluir os dados totais e divulgar somente os dados referentes \u00e0s \u00faltimas 24 horas.<\/p>\n\n\n\n<figure class=\"wp-block-gallery columns-1 is-cropped wp-block-gallery-1 is-layout-flex wp-block-gallery-is-layout-flex\"><ul class=\"blocks-gallery-grid\"><li class=\"blocks-gallery-item\"><figure><img loading=\"lazy\" decoding=\"async\" width=\"679\" height=\"452\" src=\"http:\/\/blogdorogeriogomes.com.br\/wp-content\/uploads\/2020\/06\/images-1.jpeg\" alt=\"\" data-id=\"17048\" data-full-url=\"http:\/\/blogdorogeriogomes.com.br\/wp-content\/uploads\/2020\/06\/images-1.jpeg\" data-link=\"http:\/\/blogdorogeriogomes.com.br\/?attachment_id=17048\" class=\"wp-image-17048\" srcset=\"https:\/\/blogdorogeriogomes.com.br\/noticias\/wp-content\/uploads\/2020\/06\/images-1.jpeg 679w, https:\/\/blogdorogeriogomes.com.br\/noticias\/wp-content\/uploads\/2020\/06\/images-1-300x200.jpeg 300w\" sizes=\"auto, (max-width: 679px) 100vw, 679px\" \/><\/figure><\/li><\/ul><\/figure>\n","protected":false},"excerpt":{"rendered":"<p>O STF volta a obrigar o Governo Federal a rever uma determina\u00e7\u00e3o do Executivo que vai de encontro ao que diz a Constitui\u00e7\u00e3o, no quesito transpar\u00eancia de dados p\u00fablicos. O ministro Alexandre de Moraes, do Supremo Tribunal Federal (STF), determinou nesta segunda-feira, dia 8 de junho, que o Minist\u00e9rio da Sa\u00fade retome a divulga\u00e7\u00e3o dos dados acumulados do coronav\u00edrus. O ministro do STF tomou a decis\u00e3o ao analisar uma a\u00e7\u00e3o apresentada pelos partidos Rede Sustentabilidade, PSOL e PCdoB. Alexandre&hellip;<\/p>\n","protected":false},"author":1,"featured_media":17048,"comment_status":"open","ping_status":"open","sticky":false,"template":"","format":"standard","meta":{"footnotes":""},"categories":[1],"tags":[],"class_list":["post-17047","post","type-post","status-publish","format-standard","has-post-thumbnail","hentry","category-noticias"],"_links":{"self":[{"href":"https:\/\/blogdorogeriogomes.com.br\/noticias\/wp-json\/wp\/v2\/posts\/17047","targetHints":{"allow":["GET"]}}],"collection":[{"href":"https:\/\/blogdorogeriogomes.com.br\/noticias\/wp-json\/wp\/v2\/posts"}],"about":[{"href":"https:\/\/blogdorogeriogomes.com.br\/noticias\/wp-json\/wp\/v2\/types\/post"}],"author":[{"embeddable":true,"href":"https:\/\/blogdorogeriogomes.com.br\/noticias\/wp-json\/wp\/v2\/users\/1"}],"replies":[{"embeddable":true,"href":"https:\/\/blogdorogeriogomes.com.br\/noticias\/wp-json\/wp\/v2\/comments?post=17047"}],"version-history":[{"count":1,"href":"https:\/\/blogdorogeriogomes.com.br\/noticias\/wp-json\/wp\/v2\/posts\/17047\/revisions"}],"predecessor-version":[{"id":17049,"href":"https:\/\/blogdorogeriogomes.com.br\/noticias\/wp-json\/wp\/v2\/posts\/17047\/revisions\/17049"}],"wp:featuredmedia":[{"embeddable":true,"href":"https:\/\/blogdorogeriogomes.com.br\/noticias\/wp-json\/wp\/v2\/media\/17048"}],"wp:attachment":[{"href":"https:\/\/blogdorogeriogomes.com.br\/noticias\/wp-json\/wp\/v2\/media?parent=17047"}],"wp:term":[{"taxonomy":"category","embeddable":true,"href":"https:\/\/blogdorogeriogomes.com.br\/noticias\/wp-json\/wp\/v2\/categories?post=17047"},{"taxonomy":"post_tag","embeddable":true,"href":"https:\/\/blogdorogeriogomes.com.br\/noticias\/wp-json\/wp\/v2\/tags?post=17047"}],"curies":[{"name":"wp","href":"https:\/\/api.w.org\/{rel}","templated":true}]}}