{"id":17052,"date":"2020-06-09T19:49:10","date_gmt":"2020-06-09T19:49:10","guid":{"rendered":"http:\/\/blogdorogeriogomes.com.br\/?p=17052"},"modified":"2020-06-10T14:19:03","modified_gmt":"2020-06-10T14:19:03","slug":"gol-retoma-os-voos-de-juazeiro-do-norte-para-sao-paulo-a-partir-desta-quarta-feira","status":"publish","type":"post","link":"https:\/\/blogdorogeriogomes.com.br\/noticias\/2020\/06\/gol-retoma-os-voos-de-juazeiro-do-norte-para-sao-paulo-a-partir-desta-quarta-feira\/","title":{"rendered":"Gol retoma os voos de Juazeiro do Norte para S\u00e3o Paulo a partir desta quarta-feira"},"content":{"rendered":"\n<p>Na medida que as regras de isolamento social v\u00e3o sendo afrouxadas pelo Governo do Estado, as companhias a\u00e9reas v\u00e3o tamb\u00e9m retomando as linhas de Fortaleza para outros destinos do Pa\u00eds. No Aeroporto de Fortaleza, v\u00e1rios voos para o Sudeste j\u00e1 voltaram a operar. No interior cearense, a Gol retoma a linha de Juazeiro do Norte (Aeroporto Orlando Bezerra de Menezes) para S\u00e3o Paulo (Guarulhos), a partir desta quarta-feira, dia 10 de junho. Os voos estavam suspensos por causa da pandemia do coronav\u00edrus.<\/p>\n\n\n\n<p>Os bilhetes j\u00e1 est\u00e3o dispon\u00edveis nos canais da companhia e em ag\u00eancias de viagens, de acordo com a Gol. Para viajar, \u00e9 solicitado a todos os clientes a utiliza\u00e7\u00e3o de m\u00e1scaras nos voos em opera\u00e7\u00e3o.<\/p>\n\n\n\n<figure class=\"wp-block-gallery columns-1 is-cropped wp-block-gallery-1 is-layout-flex wp-block-gallery-is-layout-flex\"><ul class=\"blocks-gallery-grid\"><li class=\"blocks-gallery-item\"><figure><img loading=\"lazy\" decoding=\"async\" width=\"650\" height=\"375\" src=\"http:\/\/blogdorogeriogomes.com.br\/wp-content\/uploads\/2020\/06\/images-2.jpeg\" alt=\"\" data-id=\"17053\" data-full-url=\"http:\/\/blogdorogeriogomes.com.br\/wp-content\/uploads\/2020\/06\/images-2.jpeg\" data-link=\"http:\/\/blogdorogeriogomes.com.br\/?attachment_id=17053\" class=\"wp-image-17053\" srcset=\"https:\/\/blogdorogeriogomes.com.br\/noticias\/wp-content\/uploads\/2020\/06\/images-2.jpeg 650w, https:\/\/blogdorogeriogomes.com.br\/noticias\/wp-content\/uploads\/2020\/06\/images-2-300x173.jpeg 300w\" sizes=\"auto, (max-width: 650px) 100vw, 650px\" \/><\/figure><\/li><\/ul><\/figure>\n","protected":false},"excerpt":{"rendered":"<p>Na medida que as regras de isolamento social v\u00e3o sendo afrouxadas pelo Governo do Estado, as companhias a\u00e9reas v\u00e3o tamb\u00e9m retomando as linhas de Fortaleza para outros destinos do Pa\u00eds. No Aeroporto de Fortaleza, v\u00e1rios voos para o Sudeste j\u00e1 voltaram a operar. No interior cearense, a Gol retoma a linha de Juazeiro do Norte (Aeroporto Orlando Bezerra de Menezes) para S\u00e3o Paulo (Guarulhos), a partir desta quarta-feira, dia 10 de junho. Os voos estavam suspensos por causa da&hellip;<\/p>\n","protected":false},"author":1,"featured_media":17053,"comment_status":"open","ping_status":"open","sticky":false,"template":"","format":"standard","meta":{"footnotes":""},"categories":[1],"tags":[],"class_list":["post-17052","post","type-post","status-publish","format-standard","has-post-thumbnail","hentry","category-noticias"],"_links":{"self":[{"href":"https:\/\/blogdorogeriogomes.com.br\/noticias\/wp-json\/wp\/v2\/posts\/17052","targetHints":{"allow":["GET"]}}],"collection":[{"href":"https:\/\/blogdorogeriogomes.com.br\/noticias\/wp-json\/wp\/v2\/posts"}],"about":[{"href":"https:\/\/blogdorogeriogomes.com.br\/noticias\/wp-json\/wp\/v2\/types\/post"}],"author":[{"embeddable":true,"href":"https:\/\/blogdorogeriogomes.com.br\/noticias\/wp-json\/wp\/v2\/users\/1"}],"replies":[{"embeddable":true,"href":"https:\/\/blogdorogeriogomes.com.br\/noticias\/wp-json\/wp\/v2\/comments?post=17052"}],"version-history":[{"count":1,"href":"https:\/\/blogdorogeriogomes.com.br\/noticias\/wp-json\/wp\/v2\/posts\/17052\/revisions"}],"predecessor-version":[{"id":17054,"href":"https:\/\/blogdorogeriogomes.com.br\/noticias\/wp-json\/wp\/v2\/posts\/17052\/revisions\/17054"}],"wp:featuredmedia":[{"embeddable":true,"href":"https:\/\/blogdorogeriogomes.com.br\/noticias\/wp-json\/wp\/v2\/media\/17053"}],"wp:attachment":[{"href":"https:\/\/blogdorogeriogomes.com.br\/noticias\/wp-json\/wp\/v2\/media?parent=17052"}],"wp:term":[{"taxonomy":"category","embeddable":true,"href":"https:\/\/blogdorogeriogomes.com.br\/noticias\/wp-json\/wp\/v2\/categories?post=17052"},{"taxonomy":"post_tag","embeddable":true,"href":"https:\/\/blogdorogeriogomes.com.br\/noticias\/wp-json\/wp\/v2\/tags?post=17052"}],"curies":[{"name":"wp","href":"https:\/\/api.w.org\/{rel}","templated":true}]}}