{"id":17055,"date":"2020-06-09T20:12:45","date_gmt":"2020-06-09T20:12:45","guid":{"rendered":"http:\/\/blogdorogeriogomes.com.br\/?p=17055"},"modified":"2020-06-10T14:18:51","modified_gmt":"2020-06-10T14:18:51","slug":"governo-federal-recua-da-decisao-de-transferir-dinheiro-do-bolsa-familia-para-acoes-de-publicidade","status":"publish","type":"post","link":"https:\/\/blogdorogeriogomes.com.br\/noticias\/2020\/06\/governo-federal-recua-da-decisao-de-transferir-dinheiro-do-bolsa-familia-para-acoes-de-publicidade\/","title":{"rendered":"Governo Federal recua da decis\u00e3o de transferir dinheiro do Bolsa Fam\u00edlia para a\u00e7\u00f5es de publicidade"},"content":{"rendered":"\n<p>A press\u00e3o dos governadores do Nordeste deu resultado. O Governo Federal recuou, nesta ter\u00e7a-feira, dia 9 de junho, sobre a retirada de dinheiro do Programa Bolsa Fam\u00edlia e transfer\u00eancia desses recursos para expandir a publicidade oficial, atrav\u00e9s da Secretaria de Comunica\u00e7\u00e3o Social da Presid\u00eancia da Rep\u00fablica. Assim, o dinheiro retorna ao or\u00e7amento do Bolsa Fam\u00edlia.<\/p>\n\n\n\n<p>Na semana passada, a equipe do presidente Jair Bolsonaro cortou R$ 83 milh\u00f5es e 900 mil reais do or\u00e7amento do programa social que atende fam\u00edlias em situa\u00e7\u00e3o de pobreza ou extrema pobreza. A tesourada foi na verba para a cobertura no Nordeste. O recurso havia sido repassado para ampliar a comunica\u00e7\u00e3o da Presid\u00eancia da Rep\u00fablica.<\/p>\n\n\n\n<p>Em tempo: o ministro da Economia, Paulo Guedes, afirmou que o Governo dever\u00e1 estender o pagamento do aux\u00edlio emergencial por mais dois meses, mas com um valor menor, de R$ 300 reais. Guedes disse ainda a deputados federais que dever\u00e1 lan\u00e7ar o programa Renda Brasil para substituir o Bolsa Fam\u00edlia logo ap\u00f3s o fim da pandemia do novo coronav\u00edrus.<\/p>\n\n\n\n<figure class=\"wp-block-gallery columns-1 is-cropped wp-block-gallery-1 is-layout-flex wp-block-gallery-is-layout-flex\"><ul class=\"blocks-gallery-grid\"><li class=\"blocks-gallery-item\"><figure><img loading=\"lazy\" decoding=\"async\" width=\"678\" height=\"452\" src=\"http:\/\/blogdorogeriogomes.com.br\/wp-content\/uploads\/2020\/06\/images-3.jpeg\" alt=\"\" data-id=\"17056\" data-full-url=\"http:\/\/blogdorogeriogomes.com.br\/wp-content\/uploads\/2020\/06\/images-3.jpeg\" data-link=\"http:\/\/blogdorogeriogomes.com.br\/?attachment_id=17056\" class=\"wp-image-17056\" srcset=\"https:\/\/blogdorogeriogomes.com.br\/noticias\/wp-content\/uploads\/2020\/06\/images-3.jpeg 678w, https:\/\/blogdorogeriogomes.com.br\/noticias\/wp-content\/uploads\/2020\/06\/images-3-300x200.jpeg 300w\" sizes=\"auto, (max-width: 678px) 100vw, 678px\" \/><\/figure><\/li><\/ul><\/figure>\n\n\n\n<p><\/p>\n\n\n\n<p><\/p>\n","protected":false},"excerpt":{"rendered":"<p>A press\u00e3o dos governadores do Nordeste deu resultado. O Governo Federal recuou, nesta ter\u00e7a-feira, dia 9 de junho, sobre a retirada de dinheiro do Programa Bolsa Fam\u00edlia e transfer\u00eancia desses recursos para expandir a publicidade oficial, atrav\u00e9s da Secretaria de Comunica\u00e7\u00e3o Social da Presid\u00eancia da Rep\u00fablica. Assim, o dinheiro retorna ao or\u00e7amento do Bolsa Fam\u00edlia. Na semana passada, a equipe do presidente Jair Bolsonaro cortou R$ 83 milh\u00f5es e 900 mil reais do or\u00e7amento do programa social que atende&hellip;<\/p>\n","protected":false},"author":1,"featured_media":17056,"comment_status":"open","ping_status":"open","sticky":false,"template":"","format":"standard","meta":{"footnotes":""},"categories":[1],"tags":[],"class_list":["post-17055","post","type-post","status-publish","format-standard","has-post-thumbnail","hentry","category-noticias"],"_links":{"self":[{"href":"https:\/\/blogdorogeriogomes.com.br\/noticias\/wp-json\/wp\/v2\/posts\/17055","targetHints":{"allow":["GET"]}}],"collection":[{"href":"https:\/\/blogdorogeriogomes.com.br\/noticias\/wp-json\/wp\/v2\/posts"}],"about":[{"href":"https:\/\/blogdorogeriogomes.com.br\/noticias\/wp-json\/wp\/v2\/types\/post"}],"author":[{"embeddable":true,"href":"https:\/\/blogdorogeriogomes.com.br\/noticias\/wp-json\/wp\/v2\/users\/1"}],"replies":[{"embeddable":true,"href":"https:\/\/blogdorogeriogomes.com.br\/noticias\/wp-json\/wp\/v2\/comments?post=17055"}],"version-history":[{"count":1,"href":"https:\/\/blogdorogeriogomes.com.br\/noticias\/wp-json\/wp\/v2\/posts\/17055\/revisions"}],"predecessor-version":[{"id":17057,"href":"https:\/\/blogdorogeriogomes.com.br\/noticias\/wp-json\/wp\/v2\/posts\/17055\/revisions\/17057"}],"wp:featuredmedia":[{"embeddable":true,"href":"https:\/\/blogdorogeriogomes.com.br\/noticias\/wp-json\/wp\/v2\/media\/17056"}],"wp:attachment":[{"href":"https:\/\/blogdorogeriogomes.com.br\/noticias\/wp-json\/wp\/v2\/media?parent=17055"}],"wp:term":[{"taxonomy":"category","embeddable":true,"href":"https:\/\/blogdorogeriogomes.com.br\/noticias\/wp-json\/wp\/v2\/categories?post=17055"},{"taxonomy":"post_tag","embeddable":true,"href":"https:\/\/blogdorogeriogomes.com.br\/noticias\/wp-json\/wp\/v2\/tags?post=17055"}],"curies":[{"name":"wp","href":"https:\/\/api.w.org\/{rel}","templated":true}]}}