{"id":17060,"date":"2020-06-10T00:09:09","date_gmt":"2020-06-10T00:09:09","guid":{"rendered":"http:\/\/blogdorogeriogomes.com.br\/?p=17060"},"modified":"2020-06-10T14:18:27","modified_gmt":"2020-06-10T14:18:27","slug":"com-divulgacao-regularizada-mortes-por-covid-19-no-pais-volta-a-ultrapassar-a-marca-de-1-000-pessoas-nas-ultimas-24-horas","status":"publish","type":"post","link":"https:\/\/blogdorogeriogomes.com.br\/noticias\/2020\/06\/com-divulgacao-regularizada-mortes-por-covid-19-no-pais-volta-a-ultrapassar-a-marca-de-1-000-pessoas-nas-ultimas-24-horas\/","title":{"rendered":"Com divulga\u00e7\u00e3o regularizada, mortes por Covid-19 no Pa\u00eds volta a ultrapassar a marca de 1.000 pessoas nas \u00faltimas 24 horas"},"content":{"rendered":"\n<p>Informa\u00e7\u00f5es repassadas pelas secretarias estaduais de sa\u00fade, no in\u00edcio da noite desta ter\u00e7a-feira, dia 9 de junho, registraram um total de 38.497 mortes em decorr\u00eancia da Covid-19 no Brasil, 1.185 delas confirmadas nas \u00faltimas 24 horas. Os dados foram repassados ao cons\u00f3rcio de ve\u00edculos de imprensa que passou a fazer uma contagem paralela ao Minist\u00e9rio da Sa\u00fade. S\u00e3o 91 \u00f3bitos a mais do que os contabilizados oficialmente pelo Minist\u00e9rio da Sa\u00fade, que anunciou hoje um total de 38.406 (com 1.272 novos registros).<\/p>\n\n\n\n<p>De acordo com as secretarias estaduais de sa\u00fade, 31.197 pessoas tiveram o diagn\u00f3stico oficializado nas \u00faltimas 24 horas, o que eleva o \u00edndice total para 742.084. Nesta ter\u00e7a-feira, o Governo Federal confirmou 739.503 casos, 2.581 a menos que o levantamento indica.<\/p>\n\n\n\n<p>No Cear\u00e1, a Secretaria de Sa\u00fade do Estado revela 69.023 casos confirmados e 4.359 mortes pelo novo coronav\u00edrus. Foram 2.805 casos e 167 \u00f3bitos a mais que os totais registrados na \u00faltima atualiza\u00e7\u00e3o de segunda-feira, dia 8 de junho. Das mortes registradas, 17 ocorreram nas \u00faltimas 24 horas.<\/p>\n\n\n\n<figure class=\"wp-block-gallery columns-1 is-cropped wp-block-gallery-1 is-layout-flex wp-block-gallery-is-layout-flex\"><ul class=\"blocks-gallery-grid\"><li class=\"blocks-gallery-item\"><figure><img loading=\"lazy\" decoding=\"async\" width=\"766\" height=\"400\" src=\"http:\/\/blogdorogeriogomes.com.br\/wp-content\/uploads\/2020\/06\/images-4.jpeg\" alt=\"\" data-id=\"17061\" data-full-url=\"http:\/\/blogdorogeriogomes.com.br\/wp-content\/uploads\/2020\/06\/images-4.jpeg\" data-link=\"http:\/\/blogdorogeriogomes.com.br\/?attachment_id=17061\" class=\"wp-image-17061\" srcset=\"https:\/\/blogdorogeriogomes.com.br\/noticias\/wp-content\/uploads\/2020\/06\/images-4.jpeg 766w, https:\/\/blogdorogeriogomes.com.br\/noticias\/wp-content\/uploads\/2020\/06\/images-4-300x157.jpeg 300w\" sizes=\"auto, (max-width: 766px) 100vw, 766px\" \/><\/figure><\/li><\/ul><\/figure>\n","protected":false},"excerpt":{"rendered":"<p>Informa\u00e7\u00f5es repassadas pelas secretarias estaduais de sa\u00fade, no in\u00edcio da noite desta ter\u00e7a-feira, dia 9 de junho, registraram um total de 38.497 mortes em decorr\u00eancia da Covid-19 no Brasil, 1.185 delas confirmadas nas \u00faltimas 24 horas. Os dados foram repassados ao cons\u00f3rcio de ve\u00edculos de imprensa que passou a fazer uma contagem paralela ao Minist\u00e9rio da Sa\u00fade. S\u00e3o 91 \u00f3bitos a mais do que os contabilizados oficialmente pelo Minist\u00e9rio da Sa\u00fade, que anunciou hoje um total de 38.406 (com&hellip;<\/p>\n","protected":false},"author":1,"featured_media":17061,"comment_status":"open","ping_status":"open","sticky":false,"template":"","format":"standard","meta":{"footnotes":""},"categories":[1],"tags":[],"class_list":["post-17060","post","type-post","status-publish","format-standard","has-post-thumbnail","hentry","category-noticias"],"_links":{"self":[{"href":"https:\/\/blogdorogeriogomes.com.br\/noticias\/wp-json\/wp\/v2\/posts\/17060","targetHints":{"allow":["GET"]}}],"collection":[{"href":"https:\/\/blogdorogeriogomes.com.br\/noticias\/wp-json\/wp\/v2\/posts"}],"about":[{"href":"https:\/\/blogdorogeriogomes.com.br\/noticias\/wp-json\/wp\/v2\/types\/post"}],"author":[{"embeddable":true,"href":"https:\/\/blogdorogeriogomes.com.br\/noticias\/wp-json\/wp\/v2\/users\/1"}],"replies":[{"embeddable":true,"href":"https:\/\/blogdorogeriogomes.com.br\/noticias\/wp-json\/wp\/v2\/comments?post=17060"}],"version-history":[{"count":1,"href":"https:\/\/blogdorogeriogomes.com.br\/noticias\/wp-json\/wp\/v2\/posts\/17060\/revisions"}],"predecessor-version":[{"id":17062,"href":"https:\/\/blogdorogeriogomes.com.br\/noticias\/wp-json\/wp\/v2\/posts\/17060\/revisions\/17062"}],"wp:featuredmedia":[{"embeddable":true,"href":"https:\/\/blogdorogeriogomes.com.br\/noticias\/wp-json\/wp\/v2\/media\/17061"}],"wp:attachment":[{"href":"https:\/\/blogdorogeriogomes.com.br\/noticias\/wp-json\/wp\/v2\/media?parent=17060"}],"wp:term":[{"taxonomy":"category","embeddable":true,"href":"https:\/\/blogdorogeriogomes.com.br\/noticias\/wp-json\/wp\/v2\/categories?post=17060"},{"taxonomy":"post_tag","embeddable":true,"href":"https:\/\/blogdorogeriogomes.com.br\/noticias\/wp-json\/wp\/v2\/tags?post=17060"}],"curies":[{"name":"wp","href":"https:\/\/api.w.org\/{rel}","templated":true}]}}