{"id":17079,"date":"2020-06-10T21:17:50","date_gmt":"2020-06-10T21:17:50","guid":{"rendered":"http:\/\/blogdorogeriogomes.com.br\/?p=17079"},"modified":"2020-06-12T13:38:43","modified_gmt":"2020-06-12T13:38:43","slug":"barracas-da-praia-do-futuro-iniciam-protocolos-de-seguranca-para-voltar-ao-funcionamento","status":"publish","type":"post","link":"https:\/\/blogdorogeriogomes.com.br\/noticias\/2020\/06\/barracas-da-praia-do-futuro-iniciam-protocolos-de-seguranca-para-voltar-ao-funcionamento\/","title":{"rendered":"Barracas da Praia do Futuro iniciam protocolos de seguran\u00e7a para voltar ao funcionamento em julho"},"content":{"rendered":"\n<p>As barracas da Praia do Futuro, em Fortaleza, iniciaram os protocolos de seguran\u00e7a para o retorno das atividades, que ser\u00e1 permitido apenas na Fase 3, prevista para o m\u00eas de julho. Claro, se os n\u00fameros de casos e mortes da Covid-19 mantiverem a estabilidade definida pelo Governo do Cear\u00e1. Esta semana, 34 restaurantes da orla mar\u00edtima da Praia do Futuro passaram por um processo sanitiza\u00e7\u00e3o e controle de pragas durante a primeira fase do projeto \u201cPraia do Futuro: Presente Saud\u00e1vel\u201d. Quando reabrirem, as barracas voltar\u00e3o a funcionar apenas com 50% da capacidade de atendimento, mantendo inclusive o distanciamento das mesas.<\/p>\n\n\n\n<p>Para que as barracas voltem a funcionar, os propriet\u00e1rios ter\u00e3o ainda que participar de um treinamento virtual com palestras e minicursos para saber como lidar com os cuidados de preven\u00e7\u00e3o ao coronav\u00edrus. Ser\u00e3o realizadas ainda a limpeza profunda da areia da praia e a\u00e7\u00f5es de educa\u00e7\u00e3o ambiental e sanit\u00e1ria de ambulantes, propriet\u00e1rios e funcion\u00e1rios dos restaurantes.<\/p>\n\n\n\n<figure class=\"wp-block-gallery columns-1 is-cropped wp-block-gallery-1 is-layout-flex wp-block-gallery-is-layout-flex\"><ul class=\"blocks-gallery-grid\"><li class=\"blocks-gallery-item\"><figure><img loading=\"lazy\" decoding=\"async\" width=\"689\" height=\"445\" src=\"http:\/\/blogdorogeriogomes.com.br\/wp-content\/uploads\/2020\/06\/images-1-1.jpeg\" alt=\"\" data-id=\"17080\" data-full-url=\"http:\/\/blogdorogeriogomes.com.br\/wp-content\/uploads\/2020\/06\/images-1-1.jpeg\" data-link=\"http:\/\/blogdorogeriogomes.com.br\/?attachment_id=17080\" class=\"wp-image-17080\" srcset=\"https:\/\/blogdorogeriogomes.com.br\/noticias\/wp-content\/uploads\/2020\/06\/images-1-1.jpeg 689w, https:\/\/blogdorogeriogomes.com.br\/noticias\/wp-content\/uploads\/2020\/06\/images-1-1-300x194.jpeg 300w\" sizes=\"auto, (max-width: 689px) 100vw, 689px\" \/><\/figure><\/li><\/ul><\/figure>\n\n\n\n<p><\/p>\n","protected":false},"excerpt":{"rendered":"<p>As barracas da Praia do Futuro, em Fortaleza, iniciaram os protocolos de seguran\u00e7a para o retorno das atividades, que ser\u00e1 permitido apenas na Fase 3, prevista para o m\u00eas de julho. Claro, se os n\u00fameros de casos e mortes da Covid-19 mantiverem a estabilidade definida pelo Governo do Cear\u00e1. Esta semana, 34 restaurantes da orla mar\u00edtima da Praia do Futuro passaram por um processo sanitiza\u00e7\u00e3o e controle de pragas durante a primeira fase do projeto \u201cPraia do Futuro: Presente&hellip;<\/p>\n","protected":false},"author":1,"featured_media":17080,"comment_status":"open","ping_status":"open","sticky":false,"template":"","format":"standard","meta":{"footnotes":""},"categories":[1],"tags":[],"class_list":["post-17079","post","type-post","status-publish","format-standard","has-post-thumbnail","hentry","category-noticias"],"_links":{"self":[{"href":"https:\/\/blogdorogeriogomes.com.br\/noticias\/wp-json\/wp\/v2\/posts\/17079","targetHints":{"allow":["GET"]}}],"collection":[{"href":"https:\/\/blogdorogeriogomes.com.br\/noticias\/wp-json\/wp\/v2\/posts"}],"about":[{"href":"https:\/\/blogdorogeriogomes.com.br\/noticias\/wp-json\/wp\/v2\/types\/post"}],"author":[{"embeddable":true,"href":"https:\/\/blogdorogeriogomes.com.br\/noticias\/wp-json\/wp\/v2\/users\/1"}],"replies":[{"embeddable":true,"href":"https:\/\/blogdorogeriogomes.com.br\/noticias\/wp-json\/wp\/v2\/comments?post=17079"}],"version-history":[{"count":2,"href":"https:\/\/blogdorogeriogomes.com.br\/noticias\/wp-json\/wp\/v2\/posts\/17079\/revisions"}],"predecessor-version":[{"id":17082,"href":"https:\/\/blogdorogeriogomes.com.br\/noticias\/wp-json\/wp\/v2\/posts\/17079\/revisions\/17082"}],"wp:featuredmedia":[{"embeddable":true,"href":"https:\/\/blogdorogeriogomes.com.br\/noticias\/wp-json\/wp\/v2\/media\/17080"}],"wp:attachment":[{"href":"https:\/\/blogdorogeriogomes.com.br\/noticias\/wp-json\/wp\/v2\/media?parent=17079"}],"wp:term":[{"taxonomy":"category","embeddable":true,"href":"https:\/\/blogdorogeriogomes.com.br\/noticias\/wp-json\/wp\/v2\/categories?post=17079"},{"taxonomy":"post_tag","embeddable":true,"href":"https:\/\/blogdorogeriogomes.com.br\/noticias\/wp-json\/wp\/v2\/tags?post=17079"}],"curies":[{"name":"wp","href":"https:\/\/api.w.org\/{rel}","templated":true}]}}