{"id":17083,"date":"2020-06-10T23:45:39","date_gmt":"2020-06-10T23:45:39","guid":{"rendered":"http:\/\/blogdorogeriogomes.com.br\/?p=17083"},"modified":"2020-06-12T13:38:35","modified_gmt":"2020-06-12T13:38:35","slug":"partidos-entram-com-acao-no-stf-para-barrar-mp-que-fere-autonomia-nas-universidades-cid-gomes-tenta-sustar-medida-no-senado","status":"publish","type":"post","link":"https:\/\/blogdorogeriogomes.com.br\/noticias\/2020\/06\/partidos-entram-com-acao-no-stf-para-barrar-mp-que-fere-autonomia-nas-universidades-cid-gomes-tenta-sustar-medida-no-senado\/","title":{"rendered":"Partidos entram com a\u00e7\u00e3o no STF para barrar MP que fere autonomia nas universidades. Cid Gomes tenta sustar medida no Senado"},"content":{"rendered":"\n<p>Nada mais que oito partidos entraram com uma A\u00e7\u00e3o Direta de Inconstitucionalidade no Supremo Tribunal Federal (STF) contra o Medida Provis\u00f3ria 979\/2020, publicada na manh\u00e3 desta quarta-feira, dia 10 de junho, no Di\u00e1rio Oficial da Uni\u00e3o, que permite ao ministro da Educa\u00e7\u00e3o, Abraham Weintraub, de intervir na autonomia das universidades p\u00fablicas federais, nomeando temporariamente os reitores durante o per\u00edodo de pandemia. A a\u00e7\u00e3o \u00e9 assinada por PT, PSOL, PCdoB, PDT, PSB, Rede, Partido Verde e Cidadania.<\/p>\n\n\n\n<p>O senador cearense Cid Gomes (PDT) apresentou um projeto de decreto legislativo, nesta quarta-feira, para sustar os efeitos da Medida Provis\u00f3ria. Na avalia\u00e7\u00e3o de Cid Gomes, a MP fere o princ\u00edpio da autonomia universit\u00e1ria, que foi inclu\u00edda na Constitui\u00e7\u00e3o Federal para as institui\u00e7\u00f5es de desvios de finalidade e interfer\u00eancias indevidas. O senador pedetista entende que a pandemia n\u00e3o justifica a edi\u00e7\u00e3o da MP. &#8220;A situa\u00e7\u00e3o de emerg\u00eancia e calamidade sanit\u00e1ria que ora vivenciamos n\u00e3o pode ser usada como pretexto para a entrega de nossas melhores institui\u00e7\u00f5es \u00e0 sanha desorganizadora que tem caracterizado essa gest\u00e3o do Governo Federal&#8221;, afirmou Cid Gomes.<\/p>\n\n\n\n<figure class=\"wp-block-gallery columns-1 is-cropped wp-block-gallery-1 is-layout-flex wp-block-gallery-is-layout-flex\"><ul class=\"blocks-gallery-grid\"><li class=\"blocks-gallery-item\"><figure><img loading=\"lazy\" decoding=\"async\" width=\"678\" height=\"452\" src=\"http:\/\/blogdorogeriogomes.com.br\/wp-content\/uploads\/2020\/06\/images-2-1.jpeg\" alt=\"\" data-id=\"17084\" data-full-url=\"http:\/\/blogdorogeriogomes.com.br\/wp-content\/uploads\/2020\/06\/images-2-1.jpeg\" data-link=\"http:\/\/blogdorogeriogomes.com.br\/?attachment_id=17084\" class=\"wp-image-17084\" srcset=\"https:\/\/blogdorogeriogomes.com.br\/noticias\/wp-content\/uploads\/2020\/06\/images-2-1.jpeg 678w, https:\/\/blogdorogeriogomes.com.br\/noticias\/wp-content\/uploads\/2020\/06\/images-2-1-300x200.jpeg 300w\" sizes=\"auto, (max-width: 678px) 100vw, 678px\" \/><\/figure><\/li><\/ul><\/figure>\n","protected":false},"excerpt":{"rendered":"<p>Nada mais que oito partidos entraram com uma A\u00e7\u00e3o Direta de Inconstitucionalidade no Supremo Tribunal Federal (STF) contra o Medida Provis\u00f3ria 979\/2020, publicada na manh\u00e3 desta quarta-feira, dia 10 de junho, no Di\u00e1rio Oficial da Uni\u00e3o, que permite ao ministro da Educa\u00e7\u00e3o, Abraham Weintraub, de intervir na autonomia das universidades p\u00fablicas federais, nomeando temporariamente os reitores durante o per\u00edodo de pandemia. A a\u00e7\u00e3o \u00e9 assinada por PT, PSOL, PCdoB, PDT, PSB, Rede, Partido Verde e Cidadania. O senador cearense&hellip;<\/p>\n","protected":false},"author":1,"featured_media":17084,"comment_status":"open","ping_status":"open","sticky":false,"template":"","format":"standard","meta":{"footnotes":""},"categories":[1],"tags":[],"class_list":["post-17083","post","type-post","status-publish","format-standard","has-post-thumbnail","hentry","category-noticias"],"_links":{"self":[{"href":"https:\/\/blogdorogeriogomes.com.br\/noticias\/wp-json\/wp\/v2\/posts\/17083","targetHints":{"allow":["GET"]}}],"collection":[{"href":"https:\/\/blogdorogeriogomes.com.br\/noticias\/wp-json\/wp\/v2\/posts"}],"about":[{"href":"https:\/\/blogdorogeriogomes.com.br\/noticias\/wp-json\/wp\/v2\/types\/post"}],"author":[{"embeddable":true,"href":"https:\/\/blogdorogeriogomes.com.br\/noticias\/wp-json\/wp\/v2\/users\/1"}],"replies":[{"embeddable":true,"href":"https:\/\/blogdorogeriogomes.com.br\/noticias\/wp-json\/wp\/v2\/comments?post=17083"}],"version-history":[{"count":1,"href":"https:\/\/blogdorogeriogomes.com.br\/noticias\/wp-json\/wp\/v2\/posts\/17083\/revisions"}],"predecessor-version":[{"id":17085,"href":"https:\/\/blogdorogeriogomes.com.br\/noticias\/wp-json\/wp\/v2\/posts\/17083\/revisions\/17085"}],"wp:featuredmedia":[{"embeddable":true,"href":"https:\/\/blogdorogeriogomes.com.br\/noticias\/wp-json\/wp\/v2\/media\/17084"}],"wp:attachment":[{"href":"https:\/\/blogdorogeriogomes.com.br\/noticias\/wp-json\/wp\/v2\/media?parent=17083"}],"wp:term":[{"taxonomy":"category","embeddable":true,"href":"https:\/\/blogdorogeriogomes.com.br\/noticias\/wp-json\/wp\/v2\/categories?post=17083"},{"taxonomy":"post_tag","embeddable":true,"href":"https:\/\/blogdorogeriogomes.com.br\/noticias\/wp-json\/wp\/v2\/tags?post=17083"}],"curies":[{"name":"wp","href":"https:\/\/api.w.org\/{rel}","templated":true}]}}