{"id":17087,"date":"2020-06-11T11:14:41","date_gmt":"2020-06-11T11:14:41","guid":{"rendered":"http:\/\/blogdorogeriogomes.com.br\/?p=17087"},"modified":"2020-06-12T13:38:28","modified_gmt":"2020-06-12T13:38:28","slug":"subnotificacao-da-covid-19-e-revelada-com-o-aumento-explosivo-de-mortes-por-sindrome-respiratoria-aguda-grave","status":"publish","type":"post","link":"https:\/\/blogdorogeriogomes.com.br\/noticias\/2020\/06\/subnotificacao-da-covid-19-e-revelada-com-o-aumento-explosivo-de-mortes-por-sindrome-respiratoria-aguda-grave\/","title":{"rendered":"Subnotifica\u00e7\u00e3o da Covid-19 \u00e9 revelada com o aumento explosivo de mortes por S\u00edndrome Respirat\u00f3ria Aguda Grave"},"content":{"rendered":"\n<p>A realidade da subnotifica\u00e7\u00e3o de mortes por Covid-19 \u00e9 revelada com o registro de \u00f3bitos por problemas respirat\u00f3rios em todo o Pa\u00eds. Este ano, no Cear\u00e1, o aumento de mortes por S\u00edndrome Respirat\u00f3ria Aguda Grave em compara\u00e7\u00e3o a 2019 foi 67 vezes maior. Foram 5.397 \u00f3bitos registrados. No ano passado, foram 80 mortes pela s\u00edndrome. Em muitos desses casos, o paciente pode ter falecido por causa da Covid-19, mas n\u00e3o foi testado para a doen\u00e7a. Vale ressaltar que, por causa da pandemia, essas pessoas n\u00e3o registram na Certid\u00e3o de \u00d3bito a causa coronav\u00edrus, mas seguem todo o protocolo para sepultamento, sem realiza\u00e7\u00e3o de vel\u00f3rio.<\/p>\n\n\n\n<p>O Cear\u00e1 registra 71.947 casos confirmados de Covid-19. Um crescimento de 2.924 nas \u00faltimas 24 horas. Os \u00f3bitos s\u00e3o 4.519, com acr\u00e9scimo de 160 no mesmo per\u00edodo.<\/p>\n\n\n\n<p>O Brasil chegou a um total de 775.184 pessoas infectadas pelo novo coronav\u00edrus e 39.797 mortes oficiais causadas pela Covid-19 desde o in\u00edcio da pandemia. Nas \u00faltimas 24 horas, o pa\u00eds inteiro registrou 33.100 diagn\u00f3sticos e 1.300 \u00f3bitos. <\/p>\n\n\n\n<figure class=\"wp-block-gallery columns-1 is-cropped wp-block-gallery-1 is-layout-flex wp-block-gallery-is-layout-flex\"><ul class=\"blocks-gallery-grid\"><li class=\"blocks-gallery-item\"><figure><img loading=\"lazy\" decoding=\"async\" width=\"600\" height=\"400\" src=\"http:\/\/blogdorogeriogomes.com.br\/wp-content\/uploads\/2020\/06\/images-3-1.jpeg\" alt=\"\" data-id=\"17088\" data-full-url=\"http:\/\/blogdorogeriogomes.com.br\/wp-content\/uploads\/2020\/06\/images-3-1.jpeg\" data-link=\"http:\/\/blogdorogeriogomes.com.br\/?attachment_id=17088\" class=\"wp-image-17088\" srcset=\"https:\/\/blogdorogeriogomes.com.br\/noticias\/wp-content\/uploads\/2020\/06\/images-3-1.jpeg 600w, https:\/\/blogdorogeriogomes.com.br\/noticias\/wp-content\/uploads\/2020\/06\/images-3-1-300x200.jpeg 300w\" sizes=\"auto, (max-width: 600px) 100vw, 600px\" \/><\/figure><\/li><\/ul><\/figure>\n","protected":false},"excerpt":{"rendered":"<p>A realidade da subnotifica\u00e7\u00e3o de mortes por Covid-19 \u00e9 revelada com o registro de \u00f3bitos por problemas respirat\u00f3rios em todo o Pa\u00eds. Este ano, no Cear\u00e1, o aumento de mortes por S\u00edndrome Respirat\u00f3ria Aguda Grave em compara\u00e7\u00e3o a 2019 foi 67 vezes maior. Foram 5.397 \u00f3bitos registrados. No ano passado, foram 80 mortes pela s\u00edndrome. Em muitos desses casos, o paciente pode ter falecido por causa da Covid-19, mas n\u00e3o foi testado para a doen\u00e7a. Vale ressaltar que, por&hellip;<\/p>\n","protected":false},"author":1,"featured_media":17088,"comment_status":"open","ping_status":"open","sticky":false,"template":"","format":"standard","meta":{"footnotes":""},"categories":[1],"tags":[],"class_list":["post-17087","post","type-post","status-publish","format-standard","has-post-thumbnail","hentry","category-noticias"],"_links":{"self":[{"href":"https:\/\/blogdorogeriogomes.com.br\/noticias\/wp-json\/wp\/v2\/posts\/17087","targetHints":{"allow":["GET"]}}],"collection":[{"href":"https:\/\/blogdorogeriogomes.com.br\/noticias\/wp-json\/wp\/v2\/posts"}],"about":[{"href":"https:\/\/blogdorogeriogomes.com.br\/noticias\/wp-json\/wp\/v2\/types\/post"}],"author":[{"embeddable":true,"href":"https:\/\/blogdorogeriogomes.com.br\/noticias\/wp-json\/wp\/v2\/users\/1"}],"replies":[{"embeddable":true,"href":"https:\/\/blogdorogeriogomes.com.br\/noticias\/wp-json\/wp\/v2\/comments?post=17087"}],"version-history":[{"count":1,"href":"https:\/\/blogdorogeriogomes.com.br\/noticias\/wp-json\/wp\/v2\/posts\/17087\/revisions"}],"predecessor-version":[{"id":17089,"href":"https:\/\/blogdorogeriogomes.com.br\/noticias\/wp-json\/wp\/v2\/posts\/17087\/revisions\/17089"}],"wp:featuredmedia":[{"embeddable":true,"href":"https:\/\/blogdorogeriogomes.com.br\/noticias\/wp-json\/wp\/v2\/media\/17088"}],"wp:attachment":[{"href":"https:\/\/blogdorogeriogomes.com.br\/noticias\/wp-json\/wp\/v2\/media?parent=17087"}],"wp:term":[{"taxonomy":"category","embeddable":true,"href":"https:\/\/blogdorogeriogomes.com.br\/noticias\/wp-json\/wp\/v2\/categories?post=17087"},{"taxonomy":"post_tag","embeddable":true,"href":"https:\/\/blogdorogeriogomes.com.br\/noticias\/wp-json\/wp\/v2\/tags?post=17087"}],"curies":[{"name":"wp","href":"https:\/\/api.w.org\/{rel}","templated":true}]}}