{"id":17090,"date":"2020-06-11T11:45:11","date_gmt":"2020-06-11T11:45:11","guid":{"rendered":"http:\/\/blogdorogeriogomes.com.br\/?p=17090"},"modified":"2020-06-12T13:38:21","modified_gmt":"2020-06-12T13:38:21","slug":"bolsonaro-recria-ministerio-das-comunicacoes-e-contempla-o-psd-ao-nomear-o-genro-do-apresentador-silvio-santos","status":"publish","type":"post","link":"https:\/\/blogdorogeriogomes.com.br\/noticias\/2020\/06\/bolsonaro-recria-ministerio-das-comunicacoes-e-contempla-o-psd-ao-nomear-o-genro-do-apresentador-silvio-santos\/","title":{"rendered":"Bolsonaro recria Minist\u00e9rio das Comunica\u00e7\u00f5es e contempla o PSD ao nomear o genro do apresentador S\u00edlvio Santos"},"content":{"rendered":"\n<p>A novidade na manh\u00e3 desta quinta-feira, dia 11 de junho, foi o an\u00fancio do presidente Jair Bolsonaro, pelas redes sociais, de recria\u00e7\u00e3o do Minist\u00e9rio das Comunica\u00e7\u00f5es. O partido a ser contemplado \u00e9 o PSD, uma das agremia\u00e7\u00f5es que integram o chamado Centr\u00e3o. O titular da pasta \u00e9 o deputado federal F\u00e1bio Faria, do PSD do Rio Grande do Norte. O parlamentar \u00e9 casado com a apresentadora Patr\u00edcia Abravanel, filha de Silvio Santos, dono do SBT e aliado de primeira linha do presidente Jair Bolsonaro. O novo Minist\u00e9rio das Comunica\u00e7\u00f5es est\u00e1 sendo desmembrado do Minist\u00e9rio da Ci\u00eancia, Tecnologia, Inova\u00e7\u00f5es e Comunica\u00e7\u00f5es, que tem \u00e0 frente o astronauta Marcos Pontes.<\/p>\n\n\n\n<p>A divis\u00e3o de dais um minist\u00e9rio passou o sinal de que o Governo Federal iniciou um movimento para recriar outras pastas como a das Cidades e Desenvolvimento Econ\u00f4mico, al\u00e9m da Seguran\u00e7a Nacional, que ser\u00e1 um desmembramento do Minist\u00e9rio da Justi\u00e7a. Afinal, nas negocia\u00e7\u00f5es com o Centr\u00e3o, \u00e9 necess\u00e1rio criar novos cargos para contemplar os aliados.<\/p>\n\n\n\n<figure class=\"wp-block-gallery columns-1 is-cropped wp-block-gallery-1 is-layout-flex wp-block-gallery-is-layout-flex\"><ul class=\"blocks-gallery-grid\"><li class=\"blocks-gallery-item\"><figure><img loading=\"lazy\" decoding=\"async\" width=\"450\" height=\"450\" src=\"http:\/\/blogdorogeriogomes.com.br\/wp-content\/uploads\/2020\/06\/jair-bolsonaro-sua-mulher-michelle-patricia-abravanel-e-o-deputado-federal-fabio-faria-1544735867548_v2_450x450.jpg\" alt=\"\" data-id=\"17091\" data-full-url=\"http:\/\/blogdorogeriogomes.com.br\/wp-content\/uploads\/2020\/06\/jair-bolsonaro-sua-mulher-michelle-patricia-abravanel-e-o-deputado-federal-fabio-faria-1544735867548_v2_450x450.jpg\" data-link=\"http:\/\/blogdorogeriogomes.com.br\/?attachment_id=17091\" class=\"wp-image-17091\" srcset=\"https:\/\/blogdorogeriogomes.com.br\/noticias\/wp-content\/uploads\/2020\/06\/jair-bolsonaro-sua-mulher-michelle-patricia-abravanel-e-o-deputado-federal-fabio-faria-1544735867548_v2_450x450.jpg 450w, https:\/\/blogdorogeriogomes.com.br\/noticias\/wp-content\/uploads\/2020\/06\/jair-bolsonaro-sua-mulher-michelle-patricia-abravanel-e-o-deputado-federal-fabio-faria-1544735867548_v2_450x450-300x300.jpg 300w, https:\/\/blogdorogeriogomes.com.br\/noticias\/wp-content\/uploads\/2020\/06\/jair-bolsonaro-sua-mulher-michelle-patricia-abravanel-e-o-deputado-federal-fabio-faria-1544735867548_v2_450x450-150x150.jpg 150w, https:\/\/blogdorogeriogomes.com.br\/noticias\/wp-content\/uploads\/2020\/06\/jair-bolsonaro-sua-mulher-michelle-patricia-abravanel-e-o-deputado-federal-fabio-faria-1544735867548_v2_450x450-250x250.jpg 250w\" sizes=\"auto, (max-width: 450px) 100vw, 450px\" \/><\/figure><\/li><\/ul><\/figure>\n","protected":false},"excerpt":{"rendered":"<p>A novidade na manh\u00e3 desta quinta-feira, dia 11 de junho, foi o an\u00fancio do presidente Jair Bolsonaro, pelas redes sociais, de recria\u00e7\u00e3o do Minist\u00e9rio das Comunica\u00e7\u00f5es. O partido a ser contemplado \u00e9 o PSD, uma das agremia\u00e7\u00f5es que integram o chamado Centr\u00e3o. O titular da pasta \u00e9 o deputado federal F\u00e1bio Faria, do PSD do Rio Grande do Norte. O parlamentar \u00e9 casado com a apresentadora Patr\u00edcia Abravanel, filha de Silvio Santos, dono do SBT e aliado de primeira&hellip;<\/p>\n","protected":false},"author":1,"featured_media":17091,"comment_status":"open","ping_status":"open","sticky":false,"template":"","format":"standard","meta":{"footnotes":""},"categories":[1],"tags":[],"class_list":["post-17090","post","type-post","status-publish","format-standard","has-post-thumbnail","hentry","category-noticias"],"_links":{"self":[{"href":"https:\/\/blogdorogeriogomes.com.br\/noticias\/wp-json\/wp\/v2\/posts\/17090","targetHints":{"allow":["GET"]}}],"collection":[{"href":"https:\/\/blogdorogeriogomes.com.br\/noticias\/wp-json\/wp\/v2\/posts"}],"about":[{"href":"https:\/\/blogdorogeriogomes.com.br\/noticias\/wp-json\/wp\/v2\/types\/post"}],"author":[{"embeddable":true,"href":"https:\/\/blogdorogeriogomes.com.br\/noticias\/wp-json\/wp\/v2\/users\/1"}],"replies":[{"embeddable":true,"href":"https:\/\/blogdorogeriogomes.com.br\/noticias\/wp-json\/wp\/v2\/comments?post=17090"}],"version-history":[{"count":1,"href":"https:\/\/blogdorogeriogomes.com.br\/noticias\/wp-json\/wp\/v2\/posts\/17090\/revisions"}],"predecessor-version":[{"id":17092,"href":"https:\/\/blogdorogeriogomes.com.br\/noticias\/wp-json\/wp\/v2\/posts\/17090\/revisions\/17092"}],"wp:featuredmedia":[{"embeddable":true,"href":"https:\/\/blogdorogeriogomes.com.br\/noticias\/wp-json\/wp\/v2\/media\/17091"}],"wp:attachment":[{"href":"https:\/\/blogdorogeriogomes.com.br\/noticias\/wp-json\/wp\/v2\/media?parent=17090"}],"wp:term":[{"taxonomy":"category","embeddable":true,"href":"https:\/\/blogdorogeriogomes.com.br\/noticias\/wp-json\/wp\/v2\/categories?post=17090"},{"taxonomy":"post_tag","embeddable":true,"href":"https:\/\/blogdorogeriogomes.com.br\/noticias\/wp-json\/wp\/v2\/tags?post=17090"}],"curies":[{"name":"wp","href":"https:\/\/api.w.org\/{rel}","templated":true}]}}