{"id":17102,"date":"2020-06-12T11:17:27","date_gmt":"2020-06-12T11:17:27","guid":{"rendered":"http:\/\/blogdorogeriogomes.com.br\/?p=17102"},"modified":"2020-06-12T13:37:47","modified_gmt":"2020-06-12T13:37:47","slug":"fraudes-no-pagamento-do-auxilio-emergencial-envolvem-servidores-publicos-no-ceara","status":"publish","type":"post","link":"https:\/\/blogdorogeriogomes.com.br\/noticias\/2020\/06\/fraudes-no-pagamento-do-auxilio-emergencial-envolvem-servidores-publicos-no-ceara\/","title":{"rendered":"Fraudes no pagamento do aux\u00edlio emergencial envolvem servidores p\u00fablicos no Cear\u00e1"},"content":{"rendered":"\n<p>Investiga\u00e7\u00f5es da Controladoria Geral da Uni\u00e3o e do Tribunal de Contas do Estado revelam o envolvimento de servidores p\u00fablicos estaduais e municipais em fraudes no pagamento do aux\u00edlio emergencial.  Cerca de 24.232 pessoas foram identificadas no recebimento do benef\u00edcio, mesmo tendo um emprego formal ativo. &nbsp;O valor pago de forma irregular chega a R$ 16 milh\u00f5es e 500 mil reais e dever\u00e1 ser obrigatoriamente devolvido.<\/p>\n\n\n\n<p>No momento, o Governo Federal est\u00e1 fazendo o pagamento da segunda parcela do aux\u00edlio emergencial. H\u00e1 tr\u00eas parcelas de R$ 600 reais j\u00e1 previstas, de acordo com o projeto aprovado no Congresso Nacional. O Minist\u00e9rio da Economia est\u00e1 propondo pagar mais duas parcelas de R$ 300 reais a trabalhadores prejudicados pela pandemia, mas os parlamentares defendem que o valor seja maior, de prefer\u00eancia, que seja mantido o mesmo valor de R$ 600. A nova proposta precisa ser votada pelos parlamentares.<\/p>\n\n\n\n<figure class=\"wp-block-gallery columns-1 is-cropped wp-block-gallery-1 is-layout-flex wp-block-gallery-is-layout-flex\"><ul class=\"blocks-gallery-grid\"><li class=\"blocks-gallery-item\"><figure><img loading=\"lazy\" decoding=\"async\" width=\"750\" height=\"500\" src=\"http:\/\/blogdorogeriogomes.com.br\/wp-content\/uploads\/2020\/06\/saiba-se-seu-cpf-foi-usado-para-fraude-em-pedido-de-auxilio-emergencial.jpg\" alt=\"\" data-id=\"17103\" data-full-url=\"http:\/\/blogdorogeriogomes.com.br\/wp-content\/uploads\/2020\/06\/saiba-se-seu-cpf-foi-usado-para-fraude-em-pedido-de-auxilio-emergencial.jpg\" data-link=\"http:\/\/blogdorogeriogomes.com.br\/?attachment_id=17103\" class=\"wp-image-17103\" srcset=\"https:\/\/blogdorogeriogomes.com.br\/noticias\/wp-content\/uploads\/2020\/06\/saiba-se-seu-cpf-foi-usado-para-fraude-em-pedido-de-auxilio-emergencial.jpg 750w, https:\/\/blogdorogeriogomes.com.br\/noticias\/wp-content\/uploads\/2020\/06\/saiba-se-seu-cpf-foi-usado-para-fraude-em-pedido-de-auxilio-emergencial-300x200.jpg 300w\" sizes=\"auto, (max-width: 750px) 100vw, 750px\" \/><\/figure><\/li><\/ul><\/figure>\n","protected":false},"excerpt":{"rendered":"<p>Investiga\u00e7\u00f5es da Controladoria Geral da Uni\u00e3o e do Tribunal de Contas do Estado revelam o envolvimento de servidores p\u00fablicos estaduais e municipais em fraudes no pagamento do aux\u00edlio emergencial. Cerca de 24.232 pessoas foram identificadas no recebimento do benef\u00edcio, mesmo tendo um emprego formal ativo. &nbsp;O valor pago de forma irregular chega a R$ 16 milh\u00f5es e 500 mil reais e dever\u00e1 ser obrigatoriamente devolvido. No momento, o Governo Federal est\u00e1 fazendo o pagamento da segunda parcela do aux\u00edlio&hellip;<\/p>\n","protected":false},"author":1,"featured_media":17103,"comment_status":"open","ping_status":"open","sticky":false,"template":"","format":"standard","meta":{"footnotes":""},"categories":[1],"tags":[],"class_list":["post-17102","post","type-post","status-publish","format-standard","has-post-thumbnail","hentry","category-noticias"],"_links":{"self":[{"href":"https:\/\/blogdorogeriogomes.com.br\/noticias\/wp-json\/wp\/v2\/posts\/17102","targetHints":{"allow":["GET"]}}],"collection":[{"href":"https:\/\/blogdorogeriogomes.com.br\/noticias\/wp-json\/wp\/v2\/posts"}],"about":[{"href":"https:\/\/blogdorogeriogomes.com.br\/noticias\/wp-json\/wp\/v2\/types\/post"}],"author":[{"embeddable":true,"href":"https:\/\/blogdorogeriogomes.com.br\/noticias\/wp-json\/wp\/v2\/users\/1"}],"replies":[{"embeddable":true,"href":"https:\/\/blogdorogeriogomes.com.br\/noticias\/wp-json\/wp\/v2\/comments?post=17102"}],"version-history":[{"count":3,"href":"https:\/\/blogdorogeriogomes.com.br\/noticias\/wp-json\/wp\/v2\/posts\/17102\/revisions"}],"predecessor-version":[{"id":17110,"href":"https:\/\/blogdorogeriogomes.com.br\/noticias\/wp-json\/wp\/v2\/posts\/17102\/revisions\/17110"}],"wp:featuredmedia":[{"embeddable":true,"href":"https:\/\/blogdorogeriogomes.com.br\/noticias\/wp-json\/wp\/v2\/media\/17103"}],"wp:attachment":[{"href":"https:\/\/blogdorogeriogomes.com.br\/noticias\/wp-json\/wp\/v2\/media?parent=17102"}],"wp:term":[{"taxonomy":"category","embeddable":true,"href":"https:\/\/blogdorogeriogomes.com.br\/noticias\/wp-json\/wp\/v2\/categories?post=17102"},{"taxonomy":"post_tag","embeddable":true,"href":"https:\/\/blogdorogeriogomes.com.br\/noticias\/wp-json\/wp\/v2\/tags?post=17102"}],"curies":[{"name":"wp","href":"https:\/\/api.w.org\/{rel}","templated":true}]}}