{"id":17114,"date":"2020-06-12T19:12:25","date_gmt":"2020-06-12T19:12:25","guid":{"rendered":"http:\/\/blogdorogeriogomes.com.br\/?p=17114"},"modified":"2020-06-15T10:47:23","modified_gmt":"2020-06-15T10:47:23","slug":"bolsonaro-revoga-mp-que-dava-poderes-para-ministerio-da-educacao-nomear-reitores-sem-consulta-da-comunidade-universitaria","status":"publish","type":"post","link":"https:\/\/blogdorogeriogomes.com.br\/noticias\/2020\/06\/bolsonaro-revoga-mp-que-dava-poderes-para-ministerio-da-educacao-nomear-reitores-sem-consulta-da-comunidade-universitaria\/","title":{"rendered":"Bolsonaro revoga MP que dava poderes para Minist\u00e9rio da Educa\u00e7\u00e3o nomear reitores sem consulta da comunidade universit\u00e1ria"},"content":{"rendered":"\n<p>A &#8220;carta branca&#8221; que Bolsonaro quis dar ao Ministro da Educa\u00e7\u00e3o para nomear reitores das universidades federais pelo Pa\u00eds, sem consulta \u00e0 comunidade universit\u00e1ria, fracassou. O pr\u00f3prio Jair Bolsonaro revogou, nesta sexta-feira, dia 12 de junho, a Medida Provis\u00f3ria que dava ao ministro Abraham Weintraub, o poder de nomear reitores por escolha pr\u00f3pria para universidades federais durante a pandemia do coronav\u00edrus.<\/p>\n\n\n\n<p>A MP tinha sido editada na ter\u00e7a-feira, dia 9, e previa essa possibilidade na substitui\u00e7\u00e3o de todos os reitores e pr\u00f3-reitores cujos mandatos terminassem ao longo da pandemia. No processo regular, o Minist\u00e9rio da Educa\u00e7\u00e3o escolhe o dirigente a partir de uma lista tr\u00edplice, montada com os votos de alunos, professores e servidores.<\/p>\n\n\n\n<p>Na manh\u00e3 desta sexta-feira, o presidente do Congresso Nacional, senador Davi Alcolumbre, j\u00e1 tinha devolvido a Medida Provis\u00f3ria dos reitores ao Pal\u00e1cio do Planalto. Com isso, o texto perdeu a validade.<br><\/p>\n\n\n\n<figure class=\"wp-block-image size-large\"><img loading=\"lazy\" decoding=\"async\" width=\"643\" height=\"477\" src=\"http:\/\/blogdorogeriogomes.com.br\/wp-content\/uploads\/2020\/06\/images-8.jpeg\" alt=\"\" class=\"wp-image-17115\" srcset=\"https:\/\/blogdorogeriogomes.com.br\/noticias\/wp-content\/uploads\/2020\/06\/images-8.jpeg 643w, https:\/\/blogdorogeriogomes.com.br\/noticias\/wp-content\/uploads\/2020\/06\/images-8-300x223.jpeg 300w\" sizes=\"auto, (max-width: 643px) 100vw, 643px\" \/><\/figure>\n","protected":false},"excerpt":{"rendered":"<p>A &#8220;carta branca&#8221; que Bolsonaro quis dar ao Ministro da Educa\u00e7\u00e3o para nomear reitores das universidades federais pelo Pa\u00eds, sem consulta \u00e0 comunidade universit\u00e1ria, fracassou. O pr\u00f3prio Jair Bolsonaro revogou, nesta sexta-feira, dia 12 de junho, a Medida Provis\u00f3ria que dava ao ministro Abraham Weintraub, o poder de nomear reitores por escolha pr\u00f3pria para universidades federais durante a pandemia do coronav\u00edrus. A MP tinha sido editada na ter\u00e7a-feira, dia 9, e previa essa possibilidade na substitui\u00e7\u00e3o de todos os&hellip;<\/p>\n","protected":false},"author":1,"featured_media":17115,"comment_status":"open","ping_status":"open","sticky":false,"template":"","format":"standard","meta":{"footnotes":""},"categories":[1],"tags":[],"class_list":["post-17114","post","type-post","status-publish","format-standard","has-post-thumbnail","hentry","category-noticias"],"_links":{"self":[{"href":"https:\/\/blogdorogeriogomes.com.br\/noticias\/wp-json\/wp\/v2\/posts\/17114","targetHints":{"allow":["GET"]}}],"collection":[{"href":"https:\/\/blogdorogeriogomes.com.br\/noticias\/wp-json\/wp\/v2\/posts"}],"about":[{"href":"https:\/\/blogdorogeriogomes.com.br\/noticias\/wp-json\/wp\/v2\/types\/post"}],"author":[{"embeddable":true,"href":"https:\/\/blogdorogeriogomes.com.br\/noticias\/wp-json\/wp\/v2\/users\/1"}],"replies":[{"embeddable":true,"href":"https:\/\/blogdorogeriogomes.com.br\/noticias\/wp-json\/wp\/v2\/comments?post=17114"}],"version-history":[{"count":1,"href":"https:\/\/blogdorogeriogomes.com.br\/noticias\/wp-json\/wp\/v2\/posts\/17114\/revisions"}],"predecessor-version":[{"id":17116,"href":"https:\/\/blogdorogeriogomes.com.br\/noticias\/wp-json\/wp\/v2\/posts\/17114\/revisions\/17116"}],"wp:featuredmedia":[{"embeddable":true,"href":"https:\/\/blogdorogeriogomes.com.br\/noticias\/wp-json\/wp\/v2\/media\/17115"}],"wp:attachment":[{"href":"https:\/\/blogdorogeriogomes.com.br\/noticias\/wp-json\/wp\/v2\/media?parent=17114"}],"wp:term":[{"taxonomy":"category","embeddable":true,"href":"https:\/\/blogdorogeriogomes.com.br\/noticias\/wp-json\/wp\/v2\/categories?post=17114"},{"taxonomy":"post_tag","embeddable":true,"href":"https:\/\/blogdorogeriogomes.com.br\/noticias\/wp-json\/wp\/v2\/tags?post=17114"}],"curies":[{"name":"wp","href":"https:\/\/api.w.org\/{rel}","templated":true}]}}