{"id":17120,"date":"2020-06-13T13:20:29","date_gmt":"2020-06-13T13:20:29","guid":{"rendered":"http:\/\/blogdorogeriogomes.com.br\/?p=17120"},"modified":"2020-06-15T10:47:06","modified_gmt":"2020-06-15T10:47:06","slug":"governadores-do-nordeste-condenam-acao-de-bolsonaro-em-recomendar-invasao-de-hospitais-em-meio-a-pandemia","status":"publish","type":"post","link":"https:\/\/blogdorogeriogomes.com.br\/noticias\/2020\/06\/governadores-do-nordeste-condenam-acao-de-bolsonaro-em-recomendar-invasao-de-hospitais-em-meio-a-pandemia\/","title":{"rendered":"Governadores do Nordeste condenam a\u00e7\u00e3o de Bolsonaro em recomendar invas\u00e3o de hospitais em meio \u00e0 pandemia"},"content":{"rendered":"\n<p>Os nove governadores do Nordeste voltaram a reagir \u00e0s atitudes tresloucadas do presidente Jair Bolsonaro. A recomenda\u00e7\u00e3o para que os apoiadores entrem em hospitais de campanha e hospitais p\u00fablicos e filmem o interior para averiguar se os leitos est\u00e3o livres ou ocupados foi condenada pelos governadores em nota conjunta, tamb\u00e9m assinada pelo governador do Cear\u00e1, Camilo Santana.<\/p>\n\n\n\n<p>Na nota, os governadores nordestinos avaliam que Bolsonaro segue &#8220;o mesmo m\u00e9todo inconsequente que o levou a incentivar aglomera\u00e7\u00f5es por todo o Pa\u00eds, contrariando as orienta\u00e7\u00f5es cient\u00edficas, bem como a estimular agress\u00f5es contra jornalistas e ve\u00edculos de comunica\u00e7\u00e3o, violando a liberdade de imprensa garantida na Constitui\u00e7\u00e3o&#8230;o Governo Federal adotou o negacionismo como pr\u00e1tica permanente, e tem insistido em n\u00e3o reconhecer a grave crise sanit\u00e1ria enfrentada pelo Brasil, mesmo diante dos tr\u00e1gicos n\u00fameros registrados&#8221;.<\/p>\n\n\n\n<p>Sem contar que na maioria do Pa\u00eds, os \u00edndices da doen\u00e7a continuam altos e causando muitas mortes. No Brasil, segundo o levantamento feito pelo cons\u00f3rcio de imprensa formado por jornalistas do G1, O Globo, Extra, Estad\u00e3o, Folha e UOL a partir de dados das secretarias estaduais de sa\u00fade, o Brasil j\u00e1 tem neste s\u00e1bado, dia 13 de junho, 831.064 casos confirmados da Covid-19, com 41.952 mortes.<\/p>\n\n\n\n<p>No Cear\u00e1, s\u00e3o&nbsp;75.784 casos confirmados de Covid-19. Um aumento de 1.092 nas \u00faltimas 24 horas, segundo boletim da Secretaria de Sa\u00fade do Cear\u00e1 divulgado nesta sexta-feira, dia 12. As mortes pela pandemia s\u00e3o 4.812, com acr\u00e9scimo de 104 no mesmo per\u00edodo.<\/p>\n\n\n\n<figure class=\"wp-block-gallery columns-1 is-cropped wp-block-gallery-1 is-layout-flex wp-block-gallery-is-layout-flex\"><ul class=\"blocks-gallery-grid\"><li class=\"blocks-gallery-item\"><figure><img loading=\"lazy\" decoding=\"async\" width=\"640\" height=\"480\" src=\"http:\/\/blogdorogeriogomes.com.br\/wp-content\/uploads\/2020\/06\/images-7-1.jpeg\" alt=\"\" data-id=\"17121\" data-full-url=\"http:\/\/blogdorogeriogomes.com.br\/wp-content\/uploads\/2020\/06\/images-7-1.jpeg\" data-link=\"http:\/\/blogdorogeriogomes.com.br\/?attachment_id=17121\" class=\"wp-image-17121\" srcset=\"https:\/\/blogdorogeriogomes.com.br\/noticias\/wp-content\/uploads\/2020\/06\/images-7-1.jpeg 640w, https:\/\/blogdorogeriogomes.com.br\/noticias\/wp-content\/uploads\/2020\/06\/images-7-1-300x225.jpeg 300w, https:\/\/blogdorogeriogomes.com.br\/noticias\/wp-content\/uploads\/2020\/06\/images-7-1-400x300.jpeg 400w\" sizes=\"auto, (max-width: 640px) 100vw, 640px\" \/><\/figure><\/li><\/ul><\/figure>\n\n\n\n<p><\/p>\n","protected":false},"excerpt":{"rendered":"<p>Os nove governadores do Nordeste voltaram a reagir \u00e0s atitudes tresloucadas do presidente Jair Bolsonaro. A recomenda\u00e7\u00e3o para que os apoiadores entrem em hospitais de campanha e hospitais p\u00fablicos e filmem o interior para averiguar se os leitos est\u00e3o livres ou ocupados foi condenada pelos governadores em nota conjunta, tamb\u00e9m assinada pelo governador do Cear\u00e1, Camilo Santana. Na nota, os governadores nordestinos avaliam que Bolsonaro segue &#8220;o mesmo m\u00e9todo inconsequente que o levou a incentivar aglomera\u00e7\u00f5es por todo o&hellip;<\/p>\n","protected":false},"author":1,"featured_media":17121,"comment_status":"open","ping_status":"open","sticky":false,"template":"","format":"standard","meta":{"footnotes":""},"categories":[1],"tags":[],"class_list":["post-17120","post","type-post","status-publish","format-standard","has-post-thumbnail","hentry","category-noticias"],"_links":{"self":[{"href":"https:\/\/blogdorogeriogomes.com.br\/noticias\/wp-json\/wp\/v2\/posts\/17120","targetHints":{"allow":["GET"]}}],"collection":[{"href":"https:\/\/blogdorogeriogomes.com.br\/noticias\/wp-json\/wp\/v2\/posts"}],"about":[{"href":"https:\/\/blogdorogeriogomes.com.br\/noticias\/wp-json\/wp\/v2\/types\/post"}],"author":[{"embeddable":true,"href":"https:\/\/blogdorogeriogomes.com.br\/noticias\/wp-json\/wp\/v2\/users\/1"}],"replies":[{"embeddable":true,"href":"https:\/\/blogdorogeriogomes.com.br\/noticias\/wp-json\/wp\/v2\/comments?post=17120"}],"version-history":[{"count":2,"href":"https:\/\/blogdorogeriogomes.com.br\/noticias\/wp-json\/wp\/v2\/posts\/17120\/revisions"}],"predecessor-version":[{"id":17129,"href":"https:\/\/blogdorogeriogomes.com.br\/noticias\/wp-json\/wp\/v2\/posts\/17120\/revisions\/17129"}],"wp:featuredmedia":[{"embeddable":true,"href":"https:\/\/blogdorogeriogomes.com.br\/noticias\/wp-json\/wp\/v2\/media\/17121"}],"wp:attachment":[{"href":"https:\/\/blogdorogeriogomes.com.br\/noticias\/wp-json\/wp\/v2\/media?parent=17120"}],"wp:term":[{"taxonomy":"category","embeddable":true,"href":"https:\/\/blogdorogeriogomes.com.br\/noticias\/wp-json\/wp\/v2\/categories?post=17120"},{"taxonomy":"post_tag","embeddable":true,"href":"https:\/\/blogdorogeriogomes.com.br\/noticias\/wp-json\/wp\/v2\/tags?post=17120"}],"curies":[{"name":"wp","href":"https:\/\/api.w.org\/{rel}","templated":true}]}}