{"id":17123,"date":"2020-06-13T22:12:53","date_gmt":"2020-06-13T22:12:53","guid":{"rendered":"http:\/\/blogdorogeriogomes.com.br\/?p=17123"},"modified":"2020-06-15T10:46:58","modified_gmt":"2020-06-15T10:46:58","slug":"camilo-santana-renova-decreto-da-quarentena-na-fase-de-transicao-para-interior-do-ceara","status":"publish","type":"post","link":"https:\/\/blogdorogeriogomes.com.br\/noticias\/2020\/06\/camilo-santana-renova-decreto-da-quarentena-na-fase-de-transicao-para-interior-do-ceara\/","title":{"rendered":"Camilo Santana renova decreto da quarentena na fase de transi\u00e7\u00e3o para interior do Cear\u00e1"},"content":{"rendered":"\n<p>O governador do Cear\u00e1, Camilo Santana, renovou neste s\u00e1bado, dia 13 de junho, o decreto governamental de quarentena na fase de transi\u00e7\u00e3o para a maior parte do interior do Estado por mais sete dias. Quatro munic\u00edpios da Regi\u00e3o Norte devem seguir com crit\u00e9rios mais r\u00edgidos de isolamento social, por causa dos casos da Covid-19 ainda estarem em alta: Araca\u00fa, Camocim, Sobral e Itarema. A Regi\u00e3o do Cariri tamb\u00e9m vai receber aten\u00e7\u00e3o especial  porque alguns munic\u00edpios tamb\u00e9m est\u00e3o com \u00edndices elevados de coronav\u00edrus. Fortaleza continua na Fase 1, o que permitiu a reabertura de v\u00e1rios setores da economia desde o in\u00edcio da semana. Os casos de Covid-19 mostram estabiliza\u00e7\u00e3o na Capital e diminui\u00e7\u00e3o no n\u00famero de interna\u00e7\u00f5es nas unidades de sa\u00fade.<\/p>\n\n\n\n<p>&#8220;Estamos prorrogando o atual Decreto de Isolamento Social em todo o Cear\u00e1 por mais sete dias, com manuten\u00e7\u00e3o do Isolamento R\u00edgido em Sobral, Camocim, Acara\u00fa e Itarema. As demais cidades, exceto a capital, permanecem na Fase de Transi\u00e7\u00e3o tamb\u00e9m por mais sete dias. No Cariri, regi\u00e3o que tamb\u00e9m requer mais cuidados pelo avan\u00e7o de casos, dever\u00e1 haver maior refor\u00e7o na fiscaliza\u00e7\u00e3o para evitar aglomera\u00e7\u00f5es. Fortaleza continua na Fase 1 do Processo de Retomada Econ\u00f4mica. Alerto que o uso de m\u00e1scara \u00e9 obrigat\u00f3rio em todo o estado. Tenho convic\u00e7\u00e3o de que, juntos, iremos superar esse desafio&#8221;, afirmou Camilo Santana.<\/p>\n\n\n\n<figure class=\"wp-block-gallery columns-1 is-cropped wp-block-gallery-1 is-layout-flex wp-block-gallery-is-layout-flex\"><ul class=\"blocks-gallery-grid\"><li class=\"blocks-gallery-item\"><figure><img loading=\"lazy\" decoding=\"async\" width=\"800\" height=\"446\" src=\"http:\/\/blogdorogeriogomes.com.br\/wp-content\/uploads\/2020\/06\/image_processing20200604-27925-16zu124.jpeg\" alt=\"\" data-id=\"17124\" data-full-url=\"http:\/\/blogdorogeriogomes.com.br\/wp-content\/uploads\/2020\/06\/image_processing20200604-27925-16zu124.jpeg\" data-link=\"http:\/\/blogdorogeriogomes.com.br\/?attachment_id=17124\" class=\"wp-image-17124\" srcset=\"https:\/\/blogdorogeriogomes.com.br\/noticias\/wp-content\/uploads\/2020\/06\/image_processing20200604-27925-16zu124.jpeg 800w, https:\/\/blogdorogeriogomes.com.br\/noticias\/wp-content\/uploads\/2020\/06\/image_processing20200604-27925-16zu124-300x167.jpeg 300w, https:\/\/blogdorogeriogomes.com.br\/noticias\/wp-content\/uploads\/2020\/06\/image_processing20200604-27925-16zu124-768x428.jpeg 768w\" sizes=\"auto, (max-width: 800px) 100vw, 800px\" \/><\/figure><\/li><\/ul><\/figure>\n","protected":false},"excerpt":{"rendered":"<p>O governador do Cear\u00e1, Camilo Santana, renovou neste s\u00e1bado, dia 13 de junho, o decreto governamental de quarentena na fase de transi\u00e7\u00e3o para a maior parte do interior do Estado por mais sete dias. Quatro munic\u00edpios da Regi\u00e3o Norte devem seguir com crit\u00e9rios mais r\u00edgidos de isolamento social, por causa dos casos da Covid-19 ainda estarem em alta: Araca\u00fa, Camocim, Sobral e Itarema. A Regi\u00e3o do Cariri tamb\u00e9m vai receber aten\u00e7\u00e3o especial porque alguns munic\u00edpios tamb\u00e9m est\u00e3o com \u00edndices&hellip;<\/p>\n","protected":false},"author":1,"featured_media":17124,"comment_status":"open","ping_status":"open","sticky":false,"template":"","format":"standard","meta":{"footnotes":""},"categories":[1],"tags":[],"class_list":["post-17123","post","type-post","status-publish","format-standard","has-post-thumbnail","hentry","category-noticias"],"_links":{"self":[{"href":"https:\/\/blogdorogeriogomes.com.br\/noticias\/wp-json\/wp\/v2\/posts\/17123","targetHints":{"allow":["GET"]}}],"collection":[{"href":"https:\/\/blogdorogeriogomes.com.br\/noticias\/wp-json\/wp\/v2\/posts"}],"about":[{"href":"https:\/\/blogdorogeriogomes.com.br\/noticias\/wp-json\/wp\/v2\/types\/post"}],"author":[{"embeddable":true,"href":"https:\/\/blogdorogeriogomes.com.br\/noticias\/wp-json\/wp\/v2\/users\/1"}],"replies":[{"embeddable":true,"href":"https:\/\/blogdorogeriogomes.com.br\/noticias\/wp-json\/wp\/v2\/comments?post=17123"}],"version-history":[{"count":1,"href":"https:\/\/blogdorogeriogomes.com.br\/noticias\/wp-json\/wp\/v2\/posts\/17123\/revisions"}],"predecessor-version":[{"id":17125,"href":"https:\/\/blogdorogeriogomes.com.br\/noticias\/wp-json\/wp\/v2\/posts\/17123\/revisions\/17125"}],"wp:featuredmedia":[{"embeddable":true,"href":"https:\/\/blogdorogeriogomes.com.br\/noticias\/wp-json\/wp\/v2\/media\/17124"}],"wp:attachment":[{"href":"https:\/\/blogdorogeriogomes.com.br\/noticias\/wp-json\/wp\/v2\/media?parent=17123"}],"wp:term":[{"taxonomy":"category","embeddable":true,"href":"https:\/\/blogdorogeriogomes.com.br\/noticias\/wp-json\/wp\/v2\/categories?post=17123"},{"taxonomy":"post_tag","embeddable":true,"href":"https:\/\/blogdorogeriogomes.com.br\/noticias\/wp-json\/wp\/v2\/tags?post=17123"}],"curies":[{"name":"wp","href":"https:\/\/api.w.org\/{rel}","templated":true}]}}