{"id":17126,"date":"2020-06-14T12:41:02","date_gmt":"2020-06-14T12:41:02","guid":{"rendered":"http:\/\/blogdorogeriogomes.com.br\/?p=17126"},"modified":"2020-06-15T10:46:49","modified_gmt":"2020-06-15T10:46:49","slug":"prefeitura-reforca-fiscalizacao-em-areas-publicas-da-capital-para-evitar-a-circulacao-de-pessoas-no-domingo","status":"publish","type":"post","link":"https:\/\/blogdorogeriogomes.com.br\/noticias\/2020\/06\/prefeitura-reforca-fiscalizacao-em-areas-publicas-da-capital-para-evitar-a-circulacao-de-pessoas-no-domingo\/","title":{"rendered":"Prefeitura refor\u00e7a fiscaliza\u00e7\u00e3o em \u00e1reas p\u00fablicas da Capital para evitar a circula\u00e7\u00e3o de pessoas no domingo"},"content":{"rendered":"\n<p>Para fortalecer a ades\u00e3o da popula\u00e7\u00e3o ao isolamento social como medida de enfrentamento \u00e0 pandemia da Covid-19, a Prefeitura de Fortaleza ir\u00e1 refor\u00e7ar a fiscaliza\u00e7\u00e3o em espa\u00e7os p\u00fablicos da Capital neste domingo, dia 14 de junho. O objetivo \u00e9 evitar a aglomera\u00e7\u00e3o de pessoas, que tentam buscar alguma op\u00e7\u00e3o de lazer fora de casa. \u201cN\u00f3s queremos minimizar as aglomera\u00e7\u00f5es indevidas de uma forma geral. Por isso, vamos continuar, ao longo dos pr\u00f3ximos dias, com fiscaliza\u00e7\u00f5es em diversas regi\u00f5es da Cidade, incluindo a orla mar\u00edtima, o Centro e algumas \u00e1reas de feira para proteger a sa\u00fade das pessoas e impedir a dissemina\u00e7\u00e3o desenfreada do novo coronav\u00edrus\u201d, afirmou o prefeito de Fortaleza, Roberto Cl\u00e1udio.<\/p>\n\n\n\n<p>Com a tempor\u00e1ria proibi\u00e7\u00e3o da ocupa\u00e7\u00e3o de espa\u00e7os p\u00fablicos para fins individuais ou coletivos, foram implantados, por pelo menos 30 dias, gradis em locais estrat\u00e9gicos da Capital, como \u00e9 o caso da avenida Beira Mar.<\/p>\n\n\n\n<figure class=\"wp-block-gallery columns-1 is-cropped wp-block-gallery-1 is-layout-flex wp-block-gallery-is-layout-flex\"><ul class=\"blocks-gallery-grid\"><li class=\"blocks-gallery-item\"><figure><img loading=\"lazy\" decoding=\"async\" width=\"640\" height=\"480\" src=\"http:\/\/blogdorogeriogomes.com.br\/wp-content\/uploads\/2020\/06\/images-9.jpeg\" alt=\"\" data-id=\"17127\" data-full-url=\"http:\/\/blogdorogeriogomes.com.br\/wp-content\/uploads\/2020\/06\/images-9.jpeg\" data-link=\"http:\/\/blogdorogeriogomes.com.br\/?attachment_id=17127\" class=\"wp-image-17127\" srcset=\"https:\/\/blogdorogeriogomes.com.br\/noticias\/wp-content\/uploads\/2020\/06\/images-9.jpeg 640w, https:\/\/blogdorogeriogomes.com.br\/noticias\/wp-content\/uploads\/2020\/06\/images-9-300x225.jpeg 300w, https:\/\/blogdorogeriogomes.com.br\/noticias\/wp-content\/uploads\/2020\/06\/images-9-400x300.jpeg 400w\" sizes=\"auto, (max-width: 640px) 100vw, 640px\" \/><\/figure><\/li><\/ul><\/figure>\n\n\n\n<p><\/p>\n\n\n\n<p><\/p>\n","protected":false},"excerpt":{"rendered":"<p>Para fortalecer a ades\u00e3o da popula\u00e7\u00e3o ao isolamento social como medida de enfrentamento \u00e0 pandemia da Covid-19, a Prefeitura de Fortaleza ir\u00e1 refor\u00e7ar a fiscaliza\u00e7\u00e3o em espa\u00e7os p\u00fablicos da Capital neste domingo, dia 14 de junho. O objetivo \u00e9 evitar a aglomera\u00e7\u00e3o de pessoas, que tentam buscar alguma op\u00e7\u00e3o de lazer fora de casa. \u201cN\u00f3s queremos minimizar as aglomera\u00e7\u00f5es indevidas de uma forma geral. Por isso, vamos continuar, ao longo dos pr\u00f3ximos dias, com fiscaliza\u00e7\u00f5es em diversas regi\u00f5es da&hellip;<\/p>\n","protected":false},"author":1,"featured_media":17127,"comment_status":"open","ping_status":"open","sticky":false,"template":"","format":"standard","meta":{"footnotes":""},"categories":[1],"tags":[],"class_list":["post-17126","post","type-post","status-publish","format-standard","has-post-thumbnail","hentry","category-noticias"],"_links":{"self":[{"href":"https:\/\/blogdorogeriogomes.com.br\/noticias\/wp-json\/wp\/v2\/posts\/17126","targetHints":{"allow":["GET"]}}],"collection":[{"href":"https:\/\/blogdorogeriogomes.com.br\/noticias\/wp-json\/wp\/v2\/posts"}],"about":[{"href":"https:\/\/blogdorogeriogomes.com.br\/noticias\/wp-json\/wp\/v2\/types\/post"}],"author":[{"embeddable":true,"href":"https:\/\/blogdorogeriogomes.com.br\/noticias\/wp-json\/wp\/v2\/users\/1"}],"replies":[{"embeddable":true,"href":"https:\/\/blogdorogeriogomes.com.br\/noticias\/wp-json\/wp\/v2\/comments?post=17126"}],"version-history":[{"count":1,"href":"https:\/\/blogdorogeriogomes.com.br\/noticias\/wp-json\/wp\/v2\/posts\/17126\/revisions"}],"predecessor-version":[{"id":17128,"href":"https:\/\/blogdorogeriogomes.com.br\/noticias\/wp-json\/wp\/v2\/posts\/17126\/revisions\/17128"}],"wp:featuredmedia":[{"embeddable":true,"href":"https:\/\/blogdorogeriogomes.com.br\/noticias\/wp-json\/wp\/v2\/media\/17127"}],"wp:attachment":[{"href":"https:\/\/blogdorogeriogomes.com.br\/noticias\/wp-json\/wp\/v2\/media?parent=17126"}],"wp:term":[{"taxonomy":"category","embeddable":true,"href":"https:\/\/blogdorogeriogomes.com.br\/noticias\/wp-json\/wp\/v2\/categories?post=17126"},{"taxonomy":"post_tag","embeddable":true,"href":"https:\/\/blogdorogeriogomes.com.br\/noticias\/wp-json\/wp\/v2\/tags?post=17126"}],"curies":[{"name":"wp","href":"https:\/\/api.w.org\/{rel}","templated":true}]}}