{"id":17130,"date":"2020-06-15T11:49:04","date_gmt":"2020-06-15T11:49:04","guid":{"rendered":"http:\/\/blogdorogeriogomes.com.br\/?p=17130"},"modified":"2020-06-15T14:07:40","modified_gmt":"2020-06-15T14:07:40","slug":"procuradoria-instaura-inquerito-para-investigar-ataque-ao-stf-ativista-bolsonarista-e-presa-em-brasilia","status":"publish","type":"post","link":"https:\/\/blogdorogeriogomes.com.br\/noticias\/2020\/06\/procuradoria-instaura-inquerito-para-investigar-ataque-ao-stf-ativista-bolsonarista-e-presa-em-brasilia\/","title":{"rendered":"Procuradoria instaura inqu\u00e9rito para investigar ataque ao STF. Ativista bolsonarista \u00e9 presa em Bras\u00edlia"},"content":{"rendered":"\n<p>A Procuradoria-Geral da Rep\u00fablica instaurou uma investiga\u00e7\u00e3o sobre o ato da noite de s\u00e1bado, dia 13 de junho, em que manifestantes atiraram fogos de artif\u00edcio em dire\u00e7\u00e3o ao Supremo Tribunal Federal (STF) simulando um bombardeio.<\/p>\n\n\n\n<p>A Procuradoria Geral da Rep\u00fablica determinou a abertura de uma not\u00edcia de fato, nome que se d\u00e1 a investiga\u00e7\u00e3o preliminar, em resposta a um pedido do presidente do STF, Dias Toffoli. Ele exige a responsabiliza\u00e7\u00e3o penal dos manifestantes que direta ou indiretamente patrocinaram ataques ao STF.<\/p>\n\n\n\n<p>Dias Toffoli aponta o manifestante Renan da Silva Sena como um dos autores do ataque ao pr\u00e9dio da institui\u00e7\u00e3o. Ele aparece em v\u00eddeos divulgados nas redes narrando a a\u00e7\u00e3o dos manifestantes e atacando membros do STF.<\/p>\n\n\n\n<p>Nesta segunda-feira, dia 15 de junho, a ativista do movimento 300 do Brasil, Sara Winter, foi presa em Bras\u00edlia pela Pol\u00edcia Federal. O mandado de pris\u00e3o foi autorizado pelo ministro Alexandre de Moraes, do Supremo Tribunal Federal. A ativista \u00e9 uma das investigadas no inqu\u00e9rito das fake news.<\/p>\n\n\n\n<figure class=\"wp-block-gallery columns-1 is-cropped wp-block-gallery-1 is-layout-flex wp-block-gallery-is-layout-flex\"><ul class=\"blocks-gallery-grid\"><li class=\"blocks-gallery-item\"><figure><img loading=\"lazy\" decoding=\"async\" width=\"472\" height=\"295\" src=\"http:\/\/blogdorogeriogomes.com.br\/wp-content\/uploads\/2020\/06\/toffoli-472x295-1.jpg\" alt=\"\" data-id=\"17131\" data-full-url=\"http:\/\/blogdorogeriogomes.com.br\/wp-content\/uploads\/2020\/06\/toffoli-472x295-1.jpg\" data-link=\"http:\/\/blogdorogeriogomes.com.br\/?attachment_id=17131\" class=\"wp-image-17131\" srcset=\"https:\/\/blogdorogeriogomes.com.br\/noticias\/wp-content\/uploads\/2020\/06\/toffoli-472x295-1.jpg 472w, https:\/\/blogdorogeriogomes.com.br\/noticias\/wp-content\/uploads\/2020\/06\/toffoli-472x295-1-300x188.jpg 300w\" sizes=\"auto, (max-width: 472px) 100vw, 472px\" \/><\/figure><\/li><\/ul><\/figure>\n\n\n\n<p><\/p>\n\n\n\n<p><\/p>\n","protected":false},"excerpt":{"rendered":"<p>A Procuradoria-Geral da Rep\u00fablica instaurou uma investiga\u00e7\u00e3o sobre o ato da noite de s\u00e1bado, dia 13 de junho, em que manifestantes atiraram fogos de artif\u00edcio em dire\u00e7\u00e3o ao Supremo Tribunal Federal (STF) simulando um bombardeio. A Procuradoria Geral da Rep\u00fablica determinou a abertura de uma not\u00edcia de fato, nome que se d\u00e1 a investiga\u00e7\u00e3o preliminar, em resposta a um pedido do presidente do STF, Dias Toffoli. Ele exige a responsabiliza\u00e7\u00e3o penal dos manifestantes que direta ou indiretamente patrocinaram ataques&hellip;<\/p>\n","protected":false},"author":1,"featured_media":17131,"comment_status":"open","ping_status":"open","sticky":false,"template":"","format":"standard","meta":{"footnotes":""},"categories":[1],"tags":[],"class_list":["post-17130","post","type-post","status-publish","format-standard","has-post-thumbnail","hentry","category-noticias"],"_links":{"self":[{"href":"https:\/\/blogdorogeriogomes.com.br\/noticias\/wp-json\/wp\/v2\/posts\/17130","targetHints":{"allow":["GET"]}}],"collection":[{"href":"https:\/\/blogdorogeriogomes.com.br\/noticias\/wp-json\/wp\/v2\/posts"}],"about":[{"href":"https:\/\/blogdorogeriogomes.com.br\/noticias\/wp-json\/wp\/v2\/types\/post"}],"author":[{"embeddable":true,"href":"https:\/\/blogdorogeriogomes.com.br\/noticias\/wp-json\/wp\/v2\/users\/1"}],"replies":[{"embeddable":true,"href":"https:\/\/blogdorogeriogomes.com.br\/noticias\/wp-json\/wp\/v2\/comments?post=17130"}],"version-history":[{"count":1,"href":"https:\/\/blogdorogeriogomes.com.br\/noticias\/wp-json\/wp\/v2\/posts\/17130\/revisions"}],"predecessor-version":[{"id":17132,"href":"https:\/\/blogdorogeriogomes.com.br\/noticias\/wp-json\/wp\/v2\/posts\/17130\/revisions\/17132"}],"wp:featuredmedia":[{"embeddable":true,"href":"https:\/\/blogdorogeriogomes.com.br\/noticias\/wp-json\/wp\/v2\/media\/17131"}],"wp:attachment":[{"href":"https:\/\/blogdorogeriogomes.com.br\/noticias\/wp-json\/wp\/v2\/media?parent=17130"}],"wp:term":[{"taxonomy":"category","embeddable":true,"href":"https:\/\/blogdorogeriogomes.com.br\/noticias\/wp-json\/wp\/v2\/categories?post=17130"},{"taxonomy":"post_tag","embeddable":true,"href":"https:\/\/blogdorogeriogomes.com.br\/noticias\/wp-json\/wp\/v2\/tags?post=17130"}],"curies":[{"name":"wp","href":"https:\/\/api.w.org\/{rel}","templated":true}]}}