{"id":17133,"date":"2020-06-15T12:08:59","date_gmt":"2020-06-15T12:08:59","guid":{"rendered":"http:\/\/blogdorogeriogomes.com.br\/?p=17133"},"modified":"2020-06-15T14:07:28","modified_gmt":"2020-06-15T14:07:28","slug":"secretario-do-tesouro-nacional-mansueto-almeida-vai-deixar-equipe-economica-do-ministro-paulo-guedes","status":"publish","type":"post","link":"https:\/\/blogdorogeriogomes.com.br\/noticias\/2020\/06\/secretario-do-tesouro-nacional-mansueto-almeida-vai-deixar-equipe-economica-do-ministro-paulo-guedes\/","title":{"rendered":"Secret\u00e1rio do Tesouro Nacional, Mansueto Almeida, vai deixar equipe econ\u00f4mica do ministro Paulo Guedes"},"content":{"rendered":"\n<p>O secret\u00e1rio do Tesouro Nacional, Mansueto Almeida, deixar\u00e1 o governo nas pr\u00f3ximas semanas. A informa\u00e7\u00e3o \u00e9 que ele cumprir\u00e1 o per\u00edodo de quarentena para se transferir para a iniciativa privada. O economista cearense tem credibilidade no mercado e \u00e9 conhecido pela habilidade em dialogar com os l\u00edderes do Congresso Nacional.<\/p>\n\n\n\n<p>O secret\u00e1rio do Tesouro sempre foi considerado &#8220;guardi\u00e3o&#8221; dos cofres do governo e fiador do processo de ajuste das contas p\u00fablicas. Rumores de sua sa\u00edda sempre geraram preocupa\u00e7\u00e3o no mercado financeiro sobre a continuidade dessa agenda.<\/p>\n\n\n\n<p>Mansueto Almeida estava no posto desde abril de 2018. \u00c9 a primeira perda importante na equipe do ministro da Economia, Paulo Guedes.<\/p>\n\n\n\n<figure class=\"wp-block-gallery columns-1 is-cropped wp-block-gallery-1 is-layout-flex wp-block-gallery-is-layout-flex\"><ul class=\"blocks-gallery-grid\"><li class=\"blocks-gallery-item\"><figure><img loading=\"lazy\" decoding=\"async\" width=\"450\" height=\"337\" src=\"http:\/\/blogdorogeriogomes.com.br\/wp-content\/uploads\/2020\/06\/secretario-do-tesouro-nacional-mansueto-almeida-1592172923945_v2_450x337.jpg\" alt=\"\" data-id=\"17134\" data-full-url=\"http:\/\/blogdorogeriogomes.com.br\/wp-content\/uploads\/2020\/06\/secretario-do-tesouro-nacional-mansueto-almeida-1592172923945_v2_450x337.jpg\" data-link=\"http:\/\/blogdorogeriogomes.com.br\/?attachment_id=17134\" class=\"wp-image-17134\" srcset=\"https:\/\/blogdorogeriogomes.com.br\/noticias\/wp-content\/uploads\/2020\/06\/secretario-do-tesouro-nacional-mansueto-almeida-1592172923945_v2_450x337.jpg 450w, https:\/\/blogdorogeriogomes.com.br\/noticias\/wp-content\/uploads\/2020\/06\/secretario-do-tesouro-nacional-mansueto-almeida-1592172923945_v2_450x337-300x225.jpg 300w, https:\/\/blogdorogeriogomes.com.br\/noticias\/wp-content\/uploads\/2020\/06\/secretario-do-tesouro-nacional-mansueto-almeida-1592172923945_v2_450x337-400x300.jpg 400w\" sizes=\"auto, (max-width: 450px) 100vw, 450px\" \/><\/figure><\/li><\/ul><\/figure>\n","protected":false},"excerpt":{"rendered":"<p>O secret\u00e1rio do Tesouro Nacional, Mansueto Almeida, deixar\u00e1 o governo nas pr\u00f3ximas semanas. A informa\u00e7\u00e3o \u00e9 que ele cumprir\u00e1 o per\u00edodo de quarentena para se transferir para a iniciativa privada. O economista cearense tem credibilidade no mercado e \u00e9 conhecido pela habilidade em dialogar com os l\u00edderes do Congresso Nacional. O secret\u00e1rio do Tesouro sempre foi considerado &#8220;guardi\u00e3o&#8221; dos cofres do governo e fiador do processo de ajuste das contas p\u00fablicas. Rumores de sua sa\u00edda sempre geraram preocupa\u00e7\u00e3o no&hellip;<\/p>\n","protected":false},"author":1,"featured_media":17134,"comment_status":"open","ping_status":"open","sticky":false,"template":"","format":"standard","meta":{"footnotes":""},"categories":[1],"tags":[],"class_list":["post-17133","post","type-post","status-publish","format-standard","has-post-thumbnail","hentry","category-noticias"],"_links":{"self":[{"href":"https:\/\/blogdorogeriogomes.com.br\/noticias\/wp-json\/wp\/v2\/posts\/17133","targetHints":{"allow":["GET"]}}],"collection":[{"href":"https:\/\/blogdorogeriogomes.com.br\/noticias\/wp-json\/wp\/v2\/posts"}],"about":[{"href":"https:\/\/blogdorogeriogomes.com.br\/noticias\/wp-json\/wp\/v2\/types\/post"}],"author":[{"embeddable":true,"href":"https:\/\/blogdorogeriogomes.com.br\/noticias\/wp-json\/wp\/v2\/users\/1"}],"replies":[{"embeddable":true,"href":"https:\/\/blogdorogeriogomes.com.br\/noticias\/wp-json\/wp\/v2\/comments?post=17133"}],"version-history":[{"count":1,"href":"https:\/\/blogdorogeriogomes.com.br\/noticias\/wp-json\/wp\/v2\/posts\/17133\/revisions"}],"predecessor-version":[{"id":17135,"href":"https:\/\/blogdorogeriogomes.com.br\/noticias\/wp-json\/wp\/v2\/posts\/17133\/revisions\/17135"}],"wp:featuredmedia":[{"embeddable":true,"href":"https:\/\/blogdorogeriogomes.com.br\/noticias\/wp-json\/wp\/v2\/media\/17134"}],"wp:attachment":[{"href":"https:\/\/blogdorogeriogomes.com.br\/noticias\/wp-json\/wp\/v2\/media?parent=17133"}],"wp:term":[{"taxonomy":"category","embeddable":true,"href":"https:\/\/blogdorogeriogomes.com.br\/noticias\/wp-json\/wp\/v2\/categories?post=17133"},{"taxonomy":"post_tag","embeddable":true,"href":"https:\/\/blogdorogeriogomes.com.br\/noticias\/wp-json\/wp\/v2\/tags?post=17133"}],"curies":[{"name":"wp","href":"https:\/\/api.w.org\/{rel}","templated":true}]}}