{"id":17142,"date":"2020-06-16T10:45:28","date_gmt":"2020-06-16T10:45:28","guid":{"rendered":"http:\/\/blogdorogeriogomes.com.br\/?p=17142"},"modified":"2020-06-16T12:14:01","modified_gmt":"2020-06-16T12:14:01","slug":"ceara-ultrapassa-as-cinco-mil-mortes-por-covid-19-em-fortaleza-a-pandemia-segue-uma-tendencia-de-declinio","status":"publish","type":"post","link":"https:\/\/blogdorogeriogomes.com.br\/noticias\/2020\/06\/ceara-ultrapassa-as-cinco-mil-mortes-por-covid-19-em-fortaleza-a-pandemia-segue-uma-tendencia-de-declinio\/","title":{"rendered":"Cear\u00e1 ultrapassa as cinco mil mortes por Covid-19. Em Fortaleza, a pandemia segue uma tend\u00eancia de decl\u00ednio"},"content":{"rendered":"\n<p>A Secretaria de Sa\u00fade de Fortaleza avalia que o&nbsp;pico de casos da doen\u00e7a na Capital aconteceu entre 19 de junho e 9 de maio. Segundo os especialistas em sa\u00fade, Fortaleza segue uma tend\u00eancia de decl\u00ednio no n\u00famero de casos e mortes por Covid-19. A evolu\u00e7\u00e3o do plano de reabertura da economia para a Fase 2, que pode acontecer na pr\u00f3xima segunda-feira, dia 22 de junho, ainda n\u00e3o est\u00e1 assegurada. Tudo ainda vai depender do comportamento das pessoas em evitar as aglomera\u00e7\u00f5es e uma poss\u00edvel segunda onda da doen\u00e7a. A preocupa\u00e7\u00e3o \u00e9 com a circula\u00e7\u00e3o desnecess\u00e1ria de pessoas em shoppings, \u00e1reas de lazer e transporte p\u00fablico. A Prefeitura de Fortaleza tem investido em fiscaliza\u00e7\u00e3o para evitar a quebra do isolamento social, regulamentado por decreto governamental.<\/p>\n\n\n\n<p>O Cear\u00e1 atingiu a marca de 5.041 mortes pelo&nbsp;novo coronav\u00edrus&nbsp;desde o in\u00edcio da pandemia. O Estado registrou tamb\u00e9m 79.853 casos da Covid-19, de acordo com boletim divulgado nesta segunda-feira, dia 15 de junho. Em Fortaleza, o n\u00famero de casos confirmados chega a 30.948, com 2.940 pessoas que j\u00e1 morreram v\u00edtimas da doen\u00e7a.<\/p>\n\n\n\n<figure class=\"wp-block-gallery columns-1 is-cropped wp-block-gallery-1 is-layout-flex wp-block-gallery-is-layout-flex\"><ul class=\"blocks-gallery-grid\"><li class=\"blocks-gallery-item\"><figure><img loading=\"lazy\" decoding=\"async\" width=\"738\" height=\"415\" src=\"http:\/\/blogdorogeriogomes.com.br\/wp-content\/uploads\/2020\/06\/images-11.jpeg\" alt=\"\" data-id=\"17143\" data-full-url=\"http:\/\/blogdorogeriogomes.com.br\/wp-content\/uploads\/2020\/06\/images-11.jpeg\" data-link=\"http:\/\/blogdorogeriogomes.com.br\/?attachment_id=17143\" class=\"wp-image-17143\" srcset=\"https:\/\/blogdorogeriogomes.com.br\/noticias\/wp-content\/uploads\/2020\/06\/images-11.jpeg 738w, https:\/\/blogdorogeriogomes.com.br\/noticias\/wp-content\/uploads\/2020\/06\/images-11-300x169.jpeg 300w\" sizes=\"auto, (max-width: 738px) 100vw, 738px\" \/><\/figure><\/li><\/ul><\/figure>\n","protected":false},"excerpt":{"rendered":"<p>A Secretaria de Sa\u00fade de Fortaleza avalia que o&nbsp;pico de casos da doen\u00e7a na Capital aconteceu entre 19 de junho e 9 de maio. Segundo os especialistas em sa\u00fade, Fortaleza segue uma tend\u00eancia de decl\u00ednio no n\u00famero de casos e mortes por Covid-19. A evolu\u00e7\u00e3o do plano de reabertura da economia para a Fase 2, que pode acontecer na pr\u00f3xima segunda-feira, dia 22 de junho, ainda n\u00e3o est\u00e1 assegurada. Tudo ainda vai depender do comportamento das pessoas em evitar&hellip;<\/p>\n","protected":false},"author":1,"featured_media":17143,"comment_status":"open","ping_status":"open","sticky":false,"template":"","format":"standard","meta":{"footnotes":""},"categories":[1],"tags":[],"class_list":["post-17142","post","type-post","status-publish","format-standard","has-post-thumbnail","hentry","category-noticias"],"_links":{"self":[{"href":"https:\/\/blogdorogeriogomes.com.br\/noticias\/wp-json\/wp\/v2\/posts\/17142","targetHints":{"allow":["GET"]}}],"collection":[{"href":"https:\/\/blogdorogeriogomes.com.br\/noticias\/wp-json\/wp\/v2\/posts"}],"about":[{"href":"https:\/\/blogdorogeriogomes.com.br\/noticias\/wp-json\/wp\/v2\/types\/post"}],"author":[{"embeddable":true,"href":"https:\/\/blogdorogeriogomes.com.br\/noticias\/wp-json\/wp\/v2\/users\/1"}],"replies":[{"embeddable":true,"href":"https:\/\/blogdorogeriogomes.com.br\/noticias\/wp-json\/wp\/v2\/comments?post=17142"}],"version-history":[{"count":2,"href":"https:\/\/blogdorogeriogomes.com.br\/noticias\/wp-json\/wp\/v2\/posts\/17142\/revisions"}],"predecessor-version":[{"id":17148,"href":"https:\/\/blogdorogeriogomes.com.br\/noticias\/wp-json\/wp\/v2\/posts\/17142\/revisions\/17148"}],"wp:featuredmedia":[{"embeddable":true,"href":"https:\/\/blogdorogeriogomes.com.br\/noticias\/wp-json\/wp\/v2\/media\/17143"}],"wp:attachment":[{"href":"https:\/\/blogdorogeriogomes.com.br\/noticias\/wp-json\/wp\/v2\/media?parent=17142"}],"wp:term":[{"taxonomy":"category","embeddable":true,"href":"https:\/\/blogdorogeriogomes.com.br\/noticias\/wp-json\/wp\/v2\/categories?post=17142"},{"taxonomy":"post_tag","embeddable":true,"href":"https:\/\/blogdorogeriogomes.com.br\/noticias\/wp-json\/wp\/v2\/tags?post=17142"}],"curies":[{"name":"wp","href":"https:\/\/api.w.org\/{rel}","templated":true}]}}