{"id":17152,"date":"2020-06-16T20:14:13","date_gmt":"2020-06-16T20:14:13","guid":{"rendered":"http:\/\/blogdorogeriogomes.com.br\/?p=17152"},"modified":"2020-06-17T12:52:21","modified_gmt":"2020-06-17T12:52:21","slug":"aulas-presenciais-na-rede-particular-de-fortaleza-devem-voltar-no-dia-20-de-julho-na-rede-publica-no-dia-31","status":"publish","type":"post","link":"https:\/\/blogdorogeriogomes.com.br\/noticias\/2020\/06\/aulas-presenciais-na-rede-particular-de-fortaleza-devem-voltar-no-dia-20-de-julho-na-rede-publica-no-dia-31\/","title":{"rendered":"Aulas presenciais na rede particular de Fortaleza devem voltar no dia 20 de julho. Na rede p\u00fablica, no dia 31"},"content":{"rendered":"\n<p>Decreto da Prefeitura de Fortaleza autoriza o retorno das aulas presenciais na rede particular de ensino da Capital a partir do dia 20 de julho. J\u00e1 na rede p\u00fablica, a previs\u00e3o \u00e9 que as aulas sejam retomadas no dia 31 de julho. A medida atende ao planejamento de retomada das atividades econ\u00f4micas previstas pelo Governo do Cear\u00e1. Fortaleza est\u00e1 na Fase 1 do plano.<\/p>\n\n\n\n<p>O Decreto Municipal afirma que o processo de retomada econ\u00f4mica deve seguir as medidas de seguran\u00e7a sanit\u00e1rias definidas pelas autoridades da sa\u00fade, como as secretarias de Sa\u00fade do Cear\u00e1 (Sesa) e de Fortaleza (SMS).&nbsp;<\/p>\n\n\n\n<p>De acordo com o secret\u00e1rio de Sa\u00fade do Cear\u00e1, Dr. Cabeto, a redu\u00e7\u00e3o sistem\u00e1tica nas taxas de \u00f3bitos e casos confirmados de Covid-19 nas \u00faltimas duas semanas, em Fortaleza, bem como na ocupa\u00e7\u00e3o de leitos de UTI e de enfermaria, vai permitir a evolu\u00e7\u00e3o do plano de retomada econ\u00f4mica no pr\u00f3ximo dia 21 de junho. &#8220;Caso as quedas das taxas se mantenham, vamos progredir na flexibiliza\u00e7\u00e3o do isolamento social&#8221;, disse.<\/p>\n\n\n\n<figure class=\"wp-block-gallery columns-1 is-cropped wp-block-gallery-1 is-layout-flex wp-block-gallery-is-layout-flex\"><ul class=\"blocks-gallery-grid\"><li class=\"blocks-gallery-item\"><figure><img loading=\"lazy\" decoding=\"async\" width=\"739\" height=\"415\" src=\"http:\/\/blogdorogeriogomes.com.br\/wp-content\/uploads\/2020\/06\/images-2-3.jpeg\" alt=\"\" data-id=\"17153\" data-full-url=\"http:\/\/blogdorogeriogomes.com.br\/wp-content\/uploads\/2020\/06\/images-2-3.jpeg\" data-link=\"http:\/\/blogdorogeriogomes.com.br\/?attachment_id=17153\" class=\"wp-image-17153\" srcset=\"https:\/\/blogdorogeriogomes.com.br\/noticias\/wp-content\/uploads\/2020\/06\/images-2-3.jpeg 739w, https:\/\/blogdorogeriogomes.com.br\/noticias\/wp-content\/uploads\/2020\/06\/images-2-3-300x168.jpeg 300w\" sizes=\"auto, (max-width: 739px) 100vw, 739px\" \/><\/figure><\/li><\/ul><\/figure>\n","protected":false},"excerpt":{"rendered":"<p>Decreto da Prefeitura de Fortaleza autoriza o retorno das aulas presenciais na rede particular de ensino da Capital a partir do dia 20 de julho. J\u00e1 na rede p\u00fablica, a previs\u00e3o \u00e9 que as aulas sejam retomadas no dia 31 de julho. A medida atende ao planejamento de retomada das atividades econ\u00f4micas previstas pelo Governo do Cear\u00e1. Fortaleza est\u00e1 na Fase 1 do plano. O Decreto Municipal afirma que o processo de retomada econ\u00f4mica deve seguir as medidas de&hellip;<\/p>\n","protected":false},"author":1,"featured_media":17153,"comment_status":"open","ping_status":"open","sticky":false,"template":"","format":"standard","meta":{"footnotes":""},"categories":[1],"tags":[],"class_list":["post-17152","post","type-post","status-publish","format-standard","has-post-thumbnail","hentry","category-noticias"],"_links":{"self":[{"href":"https:\/\/blogdorogeriogomes.com.br\/noticias\/wp-json\/wp\/v2\/posts\/17152","targetHints":{"allow":["GET"]}}],"collection":[{"href":"https:\/\/blogdorogeriogomes.com.br\/noticias\/wp-json\/wp\/v2\/posts"}],"about":[{"href":"https:\/\/blogdorogeriogomes.com.br\/noticias\/wp-json\/wp\/v2\/types\/post"}],"author":[{"embeddable":true,"href":"https:\/\/blogdorogeriogomes.com.br\/noticias\/wp-json\/wp\/v2\/users\/1"}],"replies":[{"embeddable":true,"href":"https:\/\/blogdorogeriogomes.com.br\/noticias\/wp-json\/wp\/v2\/comments?post=17152"}],"version-history":[{"count":2,"href":"https:\/\/blogdorogeriogomes.com.br\/noticias\/wp-json\/wp\/v2\/posts\/17152\/revisions"}],"predecessor-version":[{"id":17168,"href":"https:\/\/blogdorogeriogomes.com.br\/noticias\/wp-json\/wp\/v2\/posts\/17152\/revisions\/17168"}],"wp:featuredmedia":[{"embeddable":true,"href":"https:\/\/blogdorogeriogomes.com.br\/noticias\/wp-json\/wp\/v2\/media\/17153"}],"wp:attachment":[{"href":"https:\/\/blogdorogeriogomes.com.br\/noticias\/wp-json\/wp\/v2\/media?parent=17152"}],"wp:term":[{"taxonomy":"category","embeddable":true,"href":"https:\/\/blogdorogeriogomes.com.br\/noticias\/wp-json\/wp\/v2\/categories?post=17152"},{"taxonomy":"post_tag","embeddable":true,"href":"https:\/\/blogdorogeriogomes.com.br\/noticias\/wp-json\/wp\/v2\/tags?post=17152"}],"curies":[{"name":"wp","href":"https:\/\/api.w.org\/{rel}","templated":true}]}}