{"id":17155,"date":"2020-06-16T23:08:32","date_gmt":"2020-06-16T23:08:32","guid":{"rendered":"http:\/\/blogdorogeriogomes.com.br\/?p=17155"},"modified":"2020-06-17T12:52:12","modified_gmt":"2020-06-17T12:52:12","slug":"governo-do-ceara-renova-a-isencao-da-conta-de-agua-por-mais-dois-meses-para-familias-de-baixa-renda","status":"publish","type":"post","link":"https:\/\/blogdorogeriogomes.com.br\/noticias\/2020\/06\/governo-do-ceara-renova-a-isencao-da-conta-de-agua-por-mais-dois-meses-para-familias-de-baixa-renda\/","title":{"rendered":"Governo do Cear\u00e1 renova a isen\u00e7\u00e3o da conta de \u00e1gua por mais dois meses para fam\u00edlias de baixa renda"},"content":{"rendered":"\n<p>O Governo do Cear\u00e1 renovou a isen\u00e7\u00e3o da conta de \u00e1gua e esgoto para as fam\u00edlias de baixa renda no Estado por mais dois meses. A medida dever\u00e1 beneficiar cerca de 2 milh\u00f5es e 300 mil cearenses. A informa\u00e7\u00e3o foi confirmada pelo governador Camilo Santana na noite desta ter\u00e7a-feira, dia 16 de junho.<\/p>\n\n\n\n<p>A isen\u00e7\u00e3o havia sido concedida no in\u00edcio da quarentena por causa do coronav\u00edrus pelo prazo de tr\u00eas meses e agora foi estendida para um total de cinco meses. A medida isenta a cobran\u00e7a da conta de \u00e1gua e esgoto para im\u00f3veis com um consumo menor a 10 metros c\u00fabicos por m\u00eas, al\u00e9m da isen\u00e7\u00e3o da taxa de contingenciamento de \u00e1gua da Cagece.<\/p>\n\n\n\n<figure class=\"wp-block-gallery columns-1 is-cropped wp-block-gallery-1 is-layout-flex wp-block-gallery-is-layout-flex\"><ul class=\"blocks-gallery-grid\"><li class=\"blocks-gallery-item\"><figure><img loading=\"lazy\" decoding=\"async\" width=\"663\" height=\"462\" src=\"http:\/\/blogdorogeriogomes.com.br\/wp-content\/uploads\/2020\/06\/images-3-2.jpeg\" alt=\"\" data-id=\"17156\" data-full-url=\"http:\/\/blogdorogeriogomes.com.br\/wp-content\/uploads\/2020\/06\/images-3-2.jpeg\" data-link=\"http:\/\/blogdorogeriogomes.com.br\/?attachment_id=17156\" class=\"wp-image-17156\" srcset=\"https:\/\/blogdorogeriogomes.com.br\/noticias\/wp-content\/uploads\/2020\/06\/images-3-2.jpeg 663w, https:\/\/blogdorogeriogomes.com.br\/noticias\/wp-content\/uploads\/2020\/06\/images-3-2-300x209.jpeg 300w\" sizes=\"auto, (max-width: 663px) 100vw, 663px\" \/><\/figure><\/li><\/ul><\/figure>\n","protected":false},"excerpt":{"rendered":"<p>O Governo do Cear\u00e1 renovou a isen\u00e7\u00e3o da conta de \u00e1gua e esgoto para as fam\u00edlias de baixa renda no Estado por mais dois meses. A medida dever\u00e1 beneficiar cerca de 2 milh\u00f5es e 300 mil cearenses. A informa\u00e7\u00e3o foi confirmada pelo governador Camilo Santana na noite desta ter\u00e7a-feira, dia 16 de junho. A isen\u00e7\u00e3o havia sido concedida no in\u00edcio da quarentena por causa do coronav\u00edrus pelo prazo de tr\u00eas meses e agora foi estendida para um total de&hellip;<\/p>\n","protected":false},"author":1,"featured_media":17156,"comment_status":"open","ping_status":"open","sticky":false,"template":"","format":"standard","meta":{"footnotes":""},"categories":[1],"tags":[],"class_list":["post-17155","post","type-post","status-publish","format-standard","has-post-thumbnail","hentry","category-noticias"],"_links":{"self":[{"href":"https:\/\/blogdorogeriogomes.com.br\/noticias\/wp-json\/wp\/v2\/posts\/17155","targetHints":{"allow":["GET"]}}],"collection":[{"href":"https:\/\/blogdorogeriogomes.com.br\/noticias\/wp-json\/wp\/v2\/posts"}],"about":[{"href":"https:\/\/blogdorogeriogomes.com.br\/noticias\/wp-json\/wp\/v2\/types\/post"}],"author":[{"embeddable":true,"href":"https:\/\/blogdorogeriogomes.com.br\/noticias\/wp-json\/wp\/v2\/users\/1"}],"replies":[{"embeddable":true,"href":"https:\/\/blogdorogeriogomes.com.br\/noticias\/wp-json\/wp\/v2\/comments?post=17155"}],"version-history":[{"count":1,"href":"https:\/\/blogdorogeriogomes.com.br\/noticias\/wp-json\/wp\/v2\/posts\/17155\/revisions"}],"predecessor-version":[{"id":17157,"href":"https:\/\/blogdorogeriogomes.com.br\/noticias\/wp-json\/wp\/v2\/posts\/17155\/revisions\/17157"}],"wp:featuredmedia":[{"embeddable":true,"href":"https:\/\/blogdorogeriogomes.com.br\/noticias\/wp-json\/wp\/v2\/media\/17156"}],"wp:attachment":[{"href":"https:\/\/blogdorogeriogomes.com.br\/noticias\/wp-json\/wp\/v2\/media?parent=17155"}],"wp:term":[{"taxonomy":"category","embeddable":true,"href":"https:\/\/blogdorogeriogomes.com.br\/noticias\/wp-json\/wp\/v2\/categories?post=17155"},{"taxonomy":"post_tag","embeddable":true,"href":"https:\/\/blogdorogeriogomes.com.br\/noticias\/wp-json\/wp\/v2\/tags?post=17155"}],"curies":[{"name":"wp","href":"https:\/\/api.w.org\/{rel}","templated":true}]}}