{"id":17158,"date":"2020-06-16T23:27:59","date_gmt":"2020-06-16T23:27:59","guid":{"rendered":"http:\/\/blogdorogeriogomes.com.br\/?p=17158"},"modified":"2020-06-17T12:51:57","modified_gmt":"2020-06-17T12:51:57","slug":"stf-determina-a-quebra-do-sigilo-bancario-de-10-deputados-e-um-senador-bolsonaristas-na-investigacao-sobre-atos-contra-a-democracia","status":"publish","type":"post","link":"https:\/\/blogdorogeriogomes.com.br\/noticias\/2020\/06\/stf-determina-a-quebra-do-sigilo-bancario-de-10-deputados-e-um-senador-bolsonaristas-na-investigacao-sobre-atos-contra-a-democracia\/","title":{"rendered":"STF determina a quebra do sigilo banc\u00e1rio de 10 deputados e um senador bolsonaristas na investiga\u00e7\u00e3o sobre atos contra a democracia"},"content":{"rendered":"\n<p>O Supremo Tribunal Federal intensifica as investiga\u00e7\u00f5es para identificar os financiadores dos atos antidemocr\u00e1ticos que v\u00eam sendo realizados em Bras\u00edlia e outras capitais, onde acontecem amea\u00e7as a ministros e parlamentares, al\u00e9m da defesa do fechamento do STF e do Congresso Nacional. Vale lembrar que esse tipo de a\u00e7\u00e3o vai contra o que diz a Constitui\u00e7\u00e3o Federal e fere a Lei de Seguran\u00e7a Nacional.<\/p>\n\n\n\n<p>Nesta ter\u00e7a-feira, dia 16 de junho,  pedido da Procuradoria-Geral da Rep\u00fablica, o ministro Alexandre de Moraes, relator no STF do inqu\u00e9rito que apura atos antidemocr\u00e1ticos organizados por apoiadores de Jair Bolsonaro, determinou a quebra do sigilo banc\u00e1rio de 10 deputados federais e um senador bolsonaristas.<\/p>\n\n\n\n<p>Os alvos da quebra de sigilo banc\u00e1rio s\u00e3o os deputados Daniel Silveira (PSL-RJ), tamb\u00e9m alvo de mandado de busca e apreens\u00e3o, Cabo Junio do Amaral (PSL-MG), Carla Zambelli (PSL-SP), investigada tamb\u00e9m no inqu\u00e9rito das fake news, Caroline de Toni (PSL-SC), Al\u00ea Silva (PSL-MG), Bia Kicis (PSL-DF), General Gir\u00e3o (PSL-RN), Guiga Peixoto (PSL-SP), Aline Sleutjes (PSL-PR) e Otoni de Paula (PSC-RJ). O senador Arolde de Oliveira (PSD-RJ) completa a lista.<\/p>\n\n\n\n<p>A Constitui\u00e7\u00e3o pro\u00edbe o financiamento e a propaga\u00e7\u00e3o de ideias contr\u00e1rias \u00e0 ordem constitucional e ao Estado democr\u00e1tico de Direito. Prev\u00ea como crimes inafian\u00e7\u00e1veis e imprescrit\u00edveis a\u00e7\u00f5es desse tipo, promovidas por grupos armados, civis ou militares.<\/p>\n\n\n\n<p>J\u00e1 a Lei de Seguran\u00e7a Nacional diz que \u00e9 crime fazer, em p\u00fablico, propaganda de processos violentos ou ilegais para altera\u00e7\u00e3o da ordem pol\u00edtica ou social.<\/p>\n\n\n\n<figure class=\"wp-block-gallery columns-1 is-cropped wp-block-gallery-1 is-layout-flex wp-block-gallery-is-layout-flex\"><ul class=\"blocks-gallery-grid\"><li class=\"blocks-gallery-item\"><figure><img loading=\"lazy\" decoding=\"async\" width=\"768\" height=\"512\" src=\"http:\/\/blogdorogeriogomes.com.br\/wp-content\/uploads\/2020\/06\/15673800635d6c525f60b1a_1567380063_3x2_md.jpg\" alt=\"\" data-id=\"17159\" data-full-url=\"http:\/\/blogdorogeriogomes.com.br\/wp-content\/uploads\/2020\/06\/15673800635d6c525f60b1a_1567380063_3x2_md.jpg\" data-link=\"http:\/\/blogdorogeriogomes.com.br\/?attachment_id=17159\" class=\"wp-image-17159\" srcset=\"https:\/\/blogdorogeriogomes.com.br\/noticias\/wp-content\/uploads\/2020\/06\/15673800635d6c525f60b1a_1567380063_3x2_md.jpg 768w, https:\/\/blogdorogeriogomes.com.br\/noticias\/wp-content\/uploads\/2020\/06\/15673800635d6c525f60b1a_1567380063_3x2_md-300x200.jpg 300w\" sizes=\"auto, (max-width: 768px) 100vw, 768px\" \/><\/figure><\/li><\/ul><\/figure>\n\n\n\n<p><\/p>\n","protected":false},"excerpt":{"rendered":"<p>O Supremo Tribunal Federal intensifica as investiga\u00e7\u00f5es para identificar os financiadores dos atos antidemocr\u00e1ticos que v\u00eam sendo realizados em Bras\u00edlia e outras capitais, onde acontecem amea\u00e7as a ministros e parlamentares, al\u00e9m da defesa do fechamento do STF e do Congresso Nacional. Vale lembrar que esse tipo de a\u00e7\u00e3o vai contra o que diz a Constitui\u00e7\u00e3o Federal e fere a Lei de Seguran\u00e7a Nacional. Nesta ter\u00e7a-feira, dia 16 de junho, pedido da Procuradoria-Geral da Rep\u00fablica, o ministro Alexandre de Moraes,&hellip;<\/p>\n","protected":false},"author":1,"featured_media":17159,"comment_status":"open","ping_status":"open","sticky":false,"template":"","format":"standard","meta":{"footnotes":""},"categories":[1],"tags":[],"class_list":["post-17158","post","type-post","status-publish","format-standard","has-post-thumbnail","hentry","category-noticias"],"_links":{"self":[{"href":"https:\/\/blogdorogeriogomes.com.br\/noticias\/wp-json\/wp\/v2\/posts\/17158","targetHints":{"allow":["GET"]}}],"collection":[{"href":"https:\/\/blogdorogeriogomes.com.br\/noticias\/wp-json\/wp\/v2\/posts"}],"about":[{"href":"https:\/\/blogdorogeriogomes.com.br\/noticias\/wp-json\/wp\/v2\/types\/post"}],"author":[{"embeddable":true,"href":"https:\/\/blogdorogeriogomes.com.br\/noticias\/wp-json\/wp\/v2\/users\/1"}],"replies":[{"embeddable":true,"href":"https:\/\/blogdorogeriogomes.com.br\/noticias\/wp-json\/wp\/v2\/comments?post=17158"}],"version-history":[{"count":1,"href":"https:\/\/blogdorogeriogomes.com.br\/noticias\/wp-json\/wp\/v2\/posts\/17158\/revisions"}],"predecessor-version":[{"id":17160,"href":"https:\/\/blogdorogeriogomes.com.br\/noticias\/wp-json\/wp\/v2\/posts\/17158\/revisions\/17160"}],"wp:featuredmedia":[{"embeddable":true,"href":"https:\/\/blogdorogeriogomes.com.br\/noticias\/wp-json\/wp\/v2\/media\/17159"}],"wp:attachment":[{"href":"https:\/\/blogdorogeriogomes.com.br\/noticias\/wp-json\/wp\/v2\/media?parent=17158"}],"wp:term":[{"taxonomy":"category","embeddable":true,"href":"https:\/\/blogdorogeriogomes.com.br\/noticias\/wp-json\/wp\/v2\/categories?post=17158"},{"taxonomy":"post_tag","embeddable":true,"href":"https:\/\/blogdorogeriogomes.com.br\/noticias\/wp-json\/wp\/v2\/tags?post=17158"}],"curies":[{"name":"wp","href":"https:\/\/api.w.org\/{rel}","templated":true}]}}