{"id":17164,"date":"2020-06-17T12:08:57","date_gmt":"2020-06-17T12:08:57","guid":{"rendered":"http:\/\/blogdorogeriogomes.com.br\/?p=17164"},"modified":"2020-06-17T12:51:27","modified_gmt":"2020-06-17T12:51:27","slug":"sob-pressao-bolsonaro-estuda-o-que-vai-fazer-com-o-ministro-da-educacao-weintraub-esta-na-corda-bamba","status":"publish","type":"post","link":"https:\/\/blogdorogeriogomes.com.br\/noticias\/2020\/06\/sob-pressao-bolsonaro-estuda-o-que-vai-fazer-com-o-ministro-da-educacao-weintraub-esta-na-corda-bamba\/","title":{"rendered":"Sob press\u00e3o, Bolsonaro estuda o que vai fazer com o ministro da Educa\u00e7\u00e3o. Weintraub est\u00e1 na &#8220;corda bamba&#8221;"},"content":{"rendered":"\n<p>Em Bras\u00edlia, j\u00e1 \u00e9 dada como certa a demiss\u00e3o de Abraham Weintraub, do Minist\u00e9rio da Educa\u00e7\u00e3o. As agress\u00f5es verbais do ministro contra o Supremo Tribunal Federal deixaram a sua situa\u00e7\u00e3o insustent\u00e1vel, tamb\u00e9m entre parlamentares do Congresso Nacional. Desde o in\u00edcio da semana, o presidente Jair Bolsonaro \u00e9 pressionado para demitir Weintraub. Mas por se tratar de um aliado de primeira linha, inclusive na quest\u00e3o ideol\u00f3gica, Bolsonaro estuda uma sa\u00edda honrosa que pode ser a transfer\u00eancia de Abraham Weintraub para algum cargo no Exterior.<\/p>\n\n\n\n<p>O atual Ministro da Educa\u00e7\u00e3o \u00e9 duramente criticado pela falta de a\u00e7\u00e3o \u00e0 frente da pasta. E para piorar, Abraham Weintraub est\u00e1 em via de se complicar cada vez mais em inqu\u00e9ritos do STF, como o das fake news, ap\u00f3s declara\u00e7\u00e3o em reuni\u00e3o ministerial de que colocaria &#8220;vagabundos&#8221; na cadeia, come\u00e7ando pelos 11 ministros. Ele \u00e9 tamb\u00e9m investigado por suposta mensagem racista contra chineses.<\/p>\n\n\n\n<p>A dificuldade de momento do presidente Jair Bolsonaro \u00e9 encontrar um nome para substituir Abraham Weintraub. Os partidos ligados ao Centr\u00e3o est\u00e3o de olho em mais um minist\u00e9rio. No caso da Educa\u00e7\u00e3o, o alto or\u00e7amento gera apetite entre pol\u00edticos fisiologistas.<\/p>\n\n\n\n<figure class=\"wp-block-gallery columns-1 is-cropped wp-block-gallery-1 is-layout-flex wp-block-gallery-is-layout-flex\"><ul class=\"blocks-gallery-grid\"><li class=\"blocks-gallery-item\"><figure><img loading=\"lazy\" decoding=\"async\" width=\"652\" height=\"408\" src=\"http:\/\/blogdorogeriogomes.com.br\/wp-content\/uploads\/2020\/06\/images-4-2.jpeg\" alt=\"\" data-id=\"17165\" data-full-url=\"http:\/\/blogdorogeriogomes.com.br\/wp-content\/uploads\/2020\/06\/images-4-2.jpeg\" data-link=\"http:\/\/blogdorogeriogomes.com.br\/?attachment_id=17165\" class=\"wp-image-17165\" srcset=\"https:\/\/blogdorogeriogomes.com.br\/noticias\/wp-content\/uploads\/2020\/06\/images-4-2.jpeg 652w, https:\/\/blogdorogeriogomes.com.br\/noticias\/wp-content\/uploads\/2020\/06\/images-4-2-300x188.jpeg 300w\" sizes=\"auto, (max-width: 652px) 100vw, 652px\" \/><\/figure><\/li><\/ul><\/figure>\n","protected":false},"excerpt":{"rendered":"<p>Em Bras\u00edlia, j\u00e1 \u00e9 dada como certa a demiss\u00e3o de Abraham Weintraub, do Minist\u00e9rio da Educa\u00e7\u00e3o. As agress\u00f5es verbais do ministro contra o Supremo Tribunal Federal deixaram a sua situa\u00e7\u00e3o insustent\u00e1vel, tamb\u00e9m entre parlamentares do Congresso Nacional. Desde o in\u00edcio da semana, o presidente Jair Bolsonaro \u00e9 pressionado para demitir Weintraub. Mas por se tratar de um aliado de primeira linha, inclusive na quest\u00e3o ideol\u00f3gica, Bolsonaro estuda uma sa\u00edda honrosa que pode ser a transfer\u00eancia de Abraham Weintraub para&hellip;<\/p>\n","protected":false},"author":1,"featured_media":17165,"comment_status":"open","ping_status":"open","sticky":false,"template":"","format":"standard","meta":{"footnotes":""},"categories":[1],"tags":[],"class_list":["post-17164","post","type-post","status-publish","format-standard","has-post-thumbnail","hentry","category-noticias"],"_links":{"self":[{"href":"https:\/\/blogdorogeriogomes.com.br\/noticias\/wp-json\/wp\/v2\/posts\/17164","targetHints":{"allow":["GET"]}}],"collection":[{"href":"https:\/\/blogdorogeriogomes.com.br\/noticias\/wp-json\/wp\/v2\/posts"}],"about":[{"href":"https:\/\/blogdorogeriogomes.com.br\/noticias\/wp-json\/wp\/v2\/types\/post"}],"author":[{"embeddable":true,"href":"https:\/\/blogdorogeriogomes.com.br\/noticias\/wp-json\/wp\/v2\/users\/1"}],"replies":[{"embeddable":true,"href":"https:\/\/blogdorogeriogomes.com.br\/noticias\/wp-json\/wp\/v2\/comments?post=17164"}],"version-history":[{"count":1,"href":"https:\/\/blogdorogeriogomes.com.br\/noticias\/wp-json\/wp\/v2\/posts\/17164\/revisions"}],"predecessor-version":[{"id":17166,"href":"https:\/\/blogdorogeriogomes.com.br\/noticias\/wp-json\/wp\/v2\/posts\/17164\/revisions\/17166"}],"wp:featuredmedia":[{"embeddable":true,"href":"https:\/\/blogdorogeriogomes.com.br\/noticias\/wp-json\/wp\/v2\/media\/17165"}],"wp:attachment":[{"href":"https:\/\/blogdorogeriogomes.com.br\/noticias\/wp-json\/wp\/v2\/media?parent=17164"}],"wp:term":[{"taxonomy":"category","embeddable":true,"href":"https:\/\/blogdorogeriogomes.com.br\/noticias\/wp-json\/wp\/v2\/categories?post=17164"},{"taxonomy":"post_tag","embeddable":true,"href":"https:\/\/blogdorogeriogomes.com.br\/noticias\/wp-json\/wp\/v2\/tags?post=17164"}],"curies":[{"name":"wp","href":"https:\/\/api.w.org\/{rel}","templated":true}]}}