{"id":17172,"date":"2020-06-17T23:40:07","date_gmt":"2020-06-17T23:40:07","guid":{"rendered":"http:\/\/blogdorogeriogomes.com.br\/?p=17172"},"modified":"2020-06-18T13:45:22","modified_gmt":"2020-06-18T13:45:22","slug":"senado-federal-deve-apontar-na-proxima-semana-novas-datas-para-realizar-as-eleicoes-municipais-de-2020","status":"publish","type":"post","link":"https:\/\/blogdorogeriogomes.com.br\/noticias\/2020\/06\/senado-federal-deve-apontar-na-proxima-semana-novas-datas-para-realizar-as-eleicoes-municipais-de-2020\/","title":{"rendered":"Senado Federal deve apontar na pr\u00f3xima semana novas datas para realizar as elei\u00e7\u00f5es municipais de 2020"},"content":{"rendered":"\n<p>O Senado Federal vai colocar em vota\u00e7\u00e3o, na pr\u00f3xima semana, uma Proposta de Emenda \u00e0 Constitui\u00e7\u00e3o (PEC) que permitir\u00e1 o adiamento das elei\u00e7\u00f5es municipais deste ano, por causa da pandemia da Covid-19. A vota\u00e7\u00e3o da PEC vai se dar de maneira virtual.<\/p>\n\n\n\n<p>Os senadores tentam um acordo quanto \u00e0s novas datas para a realiza\u00e7\u00e3o do 1\u00b0 e 2\u00b0 turnos das elei\u00e7\u00f5es municipais. A proposta inicial \u00e9 de que o 1\u00b0 turno do pleito aconte\u00e7a em 15 de novembro. O 2\u00b0 turno passaria para 29 de novembro. <\/p>\n\n\n\n<p>Pelo calend\u00e1rio do Tribunal Superior Eleitoral, as elei\u00e7\u00f5es 2020 est\u00e3o previstas hoje para os dias 4 de outubro (primeiro turno) e 25 de outubro (segundo turno). As datas em novembro t\u00eam maior apoio dos parlamentares por permitirem tempo para a diploma\u00e7\u00e3o dos eleitos, ainda em dezembro.<\/p>\n\n\n\n<p>Os senadores tamb\u00e9m estudam incluir na proposta a amplia\u00e7\u00e3o dos hor\u00e1rios de vota\u00e7\u00e3o, al\u00e9m de hor\u00e1rios diferenciados para faixas et\u00e1rias, especialmente para os eleitores com idade superior a 60 anos.<\/p>\n\n\n\n<figure class=\"wp-block-gallery columns-1 is-cropped wp-block-gallery-1 is-layout-flex wp-block-gallery-is-layout-flex\"><ul class=\"blocks-gallery-grid\"><li class=\"blocks-gallery-item\"><figure><img loading=\"lazy\" decoding=\"async\" width=\"680\" height=\"451\" src=\"http:\/\/blogdorogeriogomes.com.br\/wp-content\/uploads\/2020\/06\/images-6-1.jpeg\" alt=\"\" data-id=\"17173\" data-full-url=\"http:\/\/blogdorogeriogomes.com.br\/wp-content\/uploads\/2020\/06\/images-6-1.jpeg\" data-link=\"http:\/\/blogdorogeriogomes.com.br\/?attachment_id=17173\" class=\"wp-image-17173\" srcset=\"https:\/\/blogdorogeriogomes.com.br\/noticias\/wp-content\/uploads\/2020\/06\/images-6-1.jpeg 680w, https:\/\/blogdorogeriogomes.com.br\/noticias\/wp-content\/uploads\/2020\/06\/images-6-1-300x199.jpeg 300w\" sizes=\"auto, (max-width: 680px) 100vw, 680px\" \/><\/figure><\/li><\/ul><\/figure>\n","protected":false},"excerpt":{"rendered":"<p>O Senado Federal vai colocar em vota\u00e7\u00e3o, na pr\u00f3xima semana, uma Proposta de Emenda \u00e0 Constitui\u00e7\u00e3o (PEC) que permitir\u00e1 o adiamento das elei\u00e7\u00f5es municipais deste ano, por causa da pandemia da Covid-19. A vota\u00e7\u00e3o da PEC vai se dar de maneira virtual. Os senadores tentam um acordo quanto \u00e0s novas datas para a realiza\u00e7\u00e3o do 1\u00b0 e 2\u00b0 turnos das elei\u00e7\u00f5es municipais. A proposta inicial \u00e9 de que o 1\u00b0 turno do pleito aconte\u00e7a em 15 de novembro. O&hellip;<\/p>\n","protected":false},"author":1,"featured_media":17173,"comment_status":"open","ping_status":"open","sticky":false,"template":"","format":"standard","meta":{"footnotes":""},"categories":[1],"tags":[],"class_list":["post-17172","post","type-post","status-publish","format-standard","has-post-thumbnail","hentry","category-noticias"],"_links":{"self":[{"href":"https:\/\/blogdorogeriogomes.com.br\/noticias\/wp-json\/wp\/v2\/posts\/17172","targetHints":{"allow":["GET"]}}],"collection":[{"href":"https:\/\/blogdorogeriogomes.com.br\/noticias\/wp-json\/wp\/v2\/posts"}],"about":[{"href":"https:\/\/blogdorogeriogomes.com.br\/noticias\/wp-json\/wp\/v2\/types\/post"}],"author":[{"embeddable":true,"href":"https:\/\/blogdorogeriogomes.com.br\/noticias\/wp-json\/wp\/v2\/users\/1"}],"replies":[{"embeddable":true,"href":"https:\/\/blogdorogeriogomes.com.br\/noticias\/wp-json\/wp\/v2\/comments?post=17172"}],"version-history":[{"count":1,"href":"https:\/\/blogdorogeriogomes.com.br\/noticias\/wp-json\/wp\/v2\/posts\/17172\/revisions"}],"predecessor-version":[{"id":17174,"href":"https:\/\/blogdorogeriogomes.com.br\/noticias\/wp-json\/wp\/v2\/posts\/17172\/revisions\/17174"}],"wp:featuredmedia":[{"embeddable":true,"href":"https:\/\/blogdorogeriogomes.com.br\/noticias\/wp-json\/wp\/v2\/media\/17173"}],"wp:attachment":[{"href":"https:\/\/blogdorogeriogomes.com.br\/noticias\/wp-json\/wp\/v2\/media?parent=17172"}],"wp:term":[{"taxonomy":"category","embeddable":true,"href":"https:\/\/blogdorogeriogomes.com.br\/noticias\/wp-json\/wp\/v2\/categories?post=17172"},{"taxonomy":"post_tag","embeddable":true,"href":"https:\/\/blogdorogeriogomes.com.br\/noticias\/wp-json\/wp\/v2\/tags?post=17172"}],"curies":[{"name":"wp","href":"https:\/\/api.w.org\/{rel}","templated":true}]}}