{"id":17182,"date":"2020-06-18T19:36:03","date_gmt":"2020-06-18T19:36:03","guid":{"rendered":"http:\/\/blogdorogeriogomes.com.br\/?p=17182"},"modified":"2020-06-22T09:37:16","modified_gmt":"2020-06-22T09:37:16","slug":"bolsonaro-anuncia-saida-de-abraham-weintraub-do-ministerio-da-educacao","status":"publish","type":"post","link":"https:\/\/blogdorogeriogomes.com.br\/noticias\/2020\/06\/bolsonaro-anuncia-saida-de-abraham-weintraub-do-ministerio-da-educacao\/","title":{"rendered":"Bolsonaro confirma sa\u00edda de Abraham Weintraub do Minist\u00e9rio da Educa\u00e7\u00e3o"},"content":{"rendered":"\n<p>O presidente Jair Bolsonaro confirmou, na tarde desta quinta-feira, dia 18 de junho, a demiss\u00e3o do ministro da Educa\u00e7\u00e3o, Abraham Weintraub. O agora ex-ministro publicou nas redes sociais um v\u00eddeo ao lado de Bolsonaro anunciando que vai assumir um cargo no Banco Mundial, em Washington. O presidente Jair Bolsonaro vinha sofrendo forte press\u00e3o da ala militar do Governo Federal para a sa\u00edda de Weintraub por causa dos atritos causados pelo mesmo junto ao Supremo Tribunal Federal. A decis\u00e3o de mudar o Ministro da Educa\u00e7\u00e3o \u00e9 uma forma de tentar acalmar os \u00e2nimos entre Executivo e Judici\u00e1rio, que est\u00e3o a cada dia mais exaltados. Nos \u00faltimos meses, Abraham Weintraub colecionou desaven\u00e7as ao ofender chineses e chamar os ministros do STF de &#8220;vagabundos&#8221;.<\/p>\n\n\n\n<p>Em 14 meses \u00e0 frente do Minist\u00e9rio da Educa\u00e7\u00e3o, o economista Abraham Weintraub acumulou derrotas no Congresso Nacional. Dois casos de destaque foram a MP da carteira de estudante digital, que n\u00e3o chegou nem a ser votada pelos parlamentares, e o adiamento da realiza\u00e7\u00e3o do Enem 2020. Weintraub era contra.<\/p>\n\n\n\n<p>Mas ainda nesta quinta-feira, antes de deixar o Minist\u00e9rio, Abraham Weintraub fez quest\u00e3o de revogar uma portaria da sua pasta que estabelecia a pol\u00edtica de cotas para negros, ind\u00edgenas e pessoas com defici\u00eancia em cursos de p\u00f3s-gradua\u00e7\u00e3o. Um benef\u00edcio que obrigava institui\u00e7\u00f5es federais de ensino superior a apresentarem um plano de inclus\u00e3o para essas pessoas, que ainda s\u00e3o minoria nas universidades.<\/p>\n\n\n\n<figure class=\"wp-block-gallery columns-1 is-cropped wp-block-gallery-1 is-layout-flex wp-block-gallery-is-layout-flex\"><ul class=\"blocks-gallery-grid\"><li class=\"blocks-gallery-item\"><figure><img loading=\"lazy\" decoding=\"async\" width=\"737\" height=\"416\" src=\"http:\/\/blogdorogeriogomes.com.br\/wp-content\/uploads\/2020\/06\/images-9-1.jpeg\" alt=\"\" data-id=\"17183\" data-full-url=\"http:\/\/blogdorogeriogomes.com.br\/wp-content\/uploads\/2020\/06\/images-9-1.jpeg\" data-link=\"http:\/\/blogdorogeriogomes.com.br\/?attachment_id=17183\" class=\"wp-image-17183\" srcset=\"https:\/\/blogdorogeriogomes.com.br\/noticias\/wp-content\/uploads\/2020\/06\/images-9-1.jpeg 737w, https:\/\/blogdorogeriogomes.com.br\/noticias\/wp-content\/uploads\/2020\/06\/images-9-1-300x169.jpeg 300w\" sizes=\"auto, (max-width: 737px) 100vw, 737px\" \/><\/figure><\/li><\/ul><\/figure>\n","protected":false},"excerpt":{"rendered":"<p>O presidente Jair Bolsonaro confirmou, na tarde desta quinta-feira, dia 18 de junho, a demiss\u00e3o do ministro da Educa\u00e7\u00e3o, Abraham Weintraub. O agora ex-ministro publicou nas redes sociais um v\u00eddeo ao lado de Bolsonaro anunciando que vai assumir um cargo no Banco Mundial, em Washington. O presidente Jair Bolsonaro vinha sofrendo forte press\u00e3o da ala militar do Governo Federal para a sa\u00edda de Weintraub por causa dos atritos causados pelo mesmo junto ao Supremo Tribunal Federal. A decis\u00e3o de&hellip;<\/p>\n","protected":false},"author":1,"featured_media":17183,"comment_status":"open","ping_status":"open","sticky":false,"template":"","format":"standard","meta":{"footnotes":""},"categories":[1],"tags":[],"class_list":["post-17182","post","type-post","status-publish","format-standard","has-post-thumbnail","hentry","category-noticias"],"_links":{"self":[{"href":"https:\/\/blogdorogeriogomes.com.br\/noticias\/wp-json\/wp\/v2\/posts\/17182","targetHints":{"allow":["GET"]}}],"collection":[{"href":"https:\/\/blogdorogeriogomes.com.br\/noticias\/wp-json\/wp\/v2\/posts"}],"about":[{"href":"https:\/\/blogdorogeriogomes.com.br\/noticias\/wp-json\/wp\/v2\/types\/post"}],"author":[{"embeddable":true,"href":"https:\/\/blogdorogeriogomes.com.br\/noticias\/wp-json\/wp\/v2\/users\/1"}],"replies":[{"embeddable":true,"href":"https:\/\/blogdorogeriogomes.com.br\/noticias\/wp-json\/wp\/v2\/comments?post=17182"}],"version-history":[{"count":2,"href":"https:\/\/blogdorogeriogomes.com.br\/noticias\/wp-json\/wp\/v2\/posts\/17182\/revisions"}],"predecessor-version":[{"id":17186,"href":"https:\/\/blogdorogeriogomes.com.br\/noticias\/wp-json\/wp\/v2\/posts\/17182\/revisions\/17186"}],"wp:featuredmedia":[{"embeddable":true,"href":"https:\/\/blogdorogeriogomes.com.br\/noticias\/wp-json\/wp\/v2\/media\/17183"}],"wp:attachment":[{"href":"https:\/\/blogdorogeriogomes.com.br\/noticias\/wp-json\/wp\/v2\/media?parent=17182"}],"wp:term":[{"taxonomy":"category","embeddable":true,"href":"https:\/\/blogdorogeriogomes.com.br\/noticias\/wp-json\/wp\/v2\/categories?post=17182"},{"taxonomy":"post_tag","embeddable":true,"href":"https:\/\/blogdorogeriogomes.com.br\/noticias\/wp-json\/wp\/v2\/tags?post=17182"}],"curies":[{"name":"wp","href":"https:\/\/api.w.org\/{rel}","templated":true}]}}