{"id":17189,"date":"2020-06-19T10:24:55","date_gmt":"2020-06-19T10:24:55","guid":{"rendered":"http:\/\/blogdorogeriogomes.com.br\/?p=17189"},"modified":"2020-06-22T09:37:06","modified_gmt":"2020-06-22T09:37:06","slug":"prefeito-roberto-claudio-anuncia-o-reinicio-de-obras-publicas-em-fortaleza","status":"publish","type":"post","link":"https:\/\/blogdorogeriogomes.com.br\/noticias\/2020\/06\/prefeito-roberto-claudio-anuncia-o-reinicio-de-obras-publicas-em-fortaleza\/","title":{"rendered":"Prefeito Roberto Cl\u00e1udio anuncia o rein\u00edcio de obras p\u00fablicas em Fortaleza"},"content":{"rendered":"\n<p>O prefeito de Fortaleza, Roberto Cl\u00e1udio, anunciou a retomada de v\u00e1rias obras na Capital ap\u00f3s a paralisa\u00e7\u00e3o dos servi\u00e7os por causa da pandemia do coronav\u00edrus. Uma delas \u00e9 a assinatura da ordem de servi\u00e7o que autoriza a constru\u00e7\u00e3o do novo hospital Gonzaguinha do Jos\u00e9 Walter, que est\u00e1 prevista para o pr\u00f3ximo dia 27 de junho.<\/p>\n\n\n\n<p>Outra obra \u00e9 a&nbsp;duplica\u00e7\u00e3o da Avenida Sargento Herm\u00ednio Sampaio, que dever\u00e1 ser conclu\u00edda at\u00e9 31 de dezembro deste ano. A iniciativa re\u00fane esfor\u00e7os da Prefeitura de Fortaleza e do Governo do Estado.<\/p>\n\n\n\n<p>A Cidade da Crian\u00e7a, situada no Centro de Fortaleza, tamb\u00e9m passar\u00e1, a partir do in\u00edcio da pr\u00f3xima semana, por importantes transforma\u00e7\u00f5es. O projeto, j\u00e1 licitado, inclui diversas interven\u00e7\u00f5es estruturais e visa \u00e0 implanta\u00e7\u00e3o de experi\u00eancias culturais no equipamento.<\/p>\n\n\n\n<figure class=\"wp-block-gallery columns-1 is-cropped wp-block-gallery-1 is-layout-flex wp-block-gallery-is-layout-flex\"><ul class=\"blocks-gallery-grid\"><li class=\"blocks-gallery-item\"><figure><img loading=\"lazy\" decoding=\"async\" width=\"1024\" height=\"601\" src=\"http:\/\/blogdorogeriogomes.com.br\/wp-content\/uploads\/2020\/06\/live-prefeito-1806-1024x601.jpg\" alt=\"\" data-id=\"17190\" data-full-url=\"http:\/\/blogdorogeriogomes.com.br\/wp-content\/uploads\/2020\/06\/live-prefeito-1806-scaled.jpg\" data-link=\"http:\/\/blogdorogeriogomes.com.br\/?attachment_id=17190\" class=\"wp-image-17190\" srcset=\"https:\/\/blogdorogeriogomes.com.br\/noticias\/wp-content\/uploads\/2020\/06\/live-prefeito-1806-1024x601.jpg 1024w, https:\/\/blogdorogeriogomes.com.br\/noticias\/wp-content\/uploads\/2020\/06\/live-prefeito-1806-300x176.jpg 300w, https:\/\/blogdorogeriogomes.com.br\/noticias\/wp-content\/uploads\/2020\/06\/live-prefeito-1806-768x451.jpg 768w, https:\/\/blogdorogeriogomes.com.br\/noticias\/wp-content\/uploads\/2020\/06\/live-prefeito-1806-1536x902.jpg 1536w, https:\/\/blogdorogeriogomes.com.br\/noticias\/wp-content\/uploads\/2020\/06\/live-prefeito-1806-2048x1203.jpg 2048w, https:\/\/blogdorogeriogomes.com.br\/noticias\/wp-content\/uploads\/2020\/06\/live-prefeito-1806-800x470.jpg 800w\" sizes=\"auto, (max-width: 1024px) 100vw, 1024px\" \/><\/figure><\/li><\/ul><\/figure>\n","protected":false},"excerpt":{"rendered":"<p>O prefeito de Fortaleza, Roberto Cl\u00e1udio, anunciou a retomada de v\u00e1rias obras na Capital ap\u00f3s a paralisa\u00e7\u00e3o dos servi\u00e7os por causa da pandemia do coronav\u00edrus. Uma delas \u00e9 a assinatura da ordem de servi\u00e7o que autoriza a constru\u00e7\u00e3o do novo hospital Gonzaguinha do Jos\u00e9 Walter, que est\u00e1 prevista para o pr\u00f3ximo dia 27 de junho. Outra obra \u00e9 a&nbsp;duplica\u00e7\u00e3o da Avenida Sargento Herm\u00ednio Sampaio, que dever\u00e1 ser conclu\u00edda at\u00e9 31 de dezembro deste ano. A iniciativa re\u00fane esfor\u00e7os da&hellip;<\/p>\n","protected":false},"author":1,"featured_media":17190,"comment_status":"open","ping_status":"open","sticky":false,"template":"","format":"standard","meta":{"footnotes":""},"categories":[1],"tags":[],"class_list":["post-17189","post","type-post","status-publish","format-standard","has-post-thumbnail","hentry","category-noticias"],"_links":{"self":[{"href":"https:\/\/blogdorogeriogomes.com.br\/noticias\/wp-json\/wp\/v2\/posts\/17189","targetHints":{"allow":["GET"]}}],"collection":[{"href":"https:\/\/blogdorogeriogomes.com.br\/noticias\/wp-json\/wp\/v2\/posts"}],"about":[{"href":"https:\/\/blogdorogeriogomes.com.br\/noticias\/wp-json\/wp\/v2\/types\/post"}],"author":[{"embeddable":true,"href":"https:\/\/blogdorogeriogomes.com.br\/noticias\/wp-json\/wp\/v2\/users\/1"}],"replies":[{"embeddable":true,"href":"https:\/\/blogdorogeriogomes.com.br\/noticias\/wp-json\/wp\/v2\/comments?post=17189"}],"version-history":[{"count":3,"href":"https:\/\/blogdorogeriogomes.com.br\/noticias\/wp-json\/wp\/v2\/posts\/17189\/revisions"}],"predecessor-version":[{"id":17219,"href":"https:\/\/blogdorogeriogomes.com.br\/noticias\/wp-json\/wp\/v2\/posts\/17189\/revisions\/17219"}],"wp:featuredmedia":[{"embeddable":true,"href":"https:\/\/blogdorogeriogomes.com.br\/noticias\/wp-json\/wp\/v2\/media\/17190"}],"wp:attachment":[{"href":"https:\/\/blogdorogeriogomes.com.br\/noticias\/wp-json\/wp\/v2\/media?parent=17189"}],"wp:term":[{"taxonomy":"category","embeddable":true,"href":"https:\/\/blogdorogeriogomes.com.br\/noticias\/wp-json\/wp\/v2\/categories?post=17189"},{"taxonomy":"post_tag","embeddable":true,"href":"https:\/\/blogdorogeriogomes.com.br\/noticias\/wp-json\/wp\/v2\/tags?post=17189"}],"curies":[{"name":"wp","href":"https:\/\/api.w.org\/{rel}","templated":true}]}}