{"id":17193,"date":"2020-06-19T11:12:47","date_gmt":"2020-06-19T11:12:47","guid":{"rendered":"http:\/\/blogdorogeriogomes.com.br\/?p=17193"},"modified":"2020-06-22T09:36:56","modified_gmt":"2020-06-22T09:36:56","slug":"prisao-de-queiroz-e-saida-de-weintraub-do-governo-se-tornam-maior-desafio-para-governabilidade-de-bolsonaro","status":"publish","type":"post","link":"https:\/\/blogdorogeriogomes.com.br\/noticias\/2020\/06\/prisao-de-queiroz-e-saida-de-weintraub-do-governo-se-tornam-maior-desafio-para-governabilidade-de-bolsonaro\/","title":{"rendered":"Pris\u00e3o de Queiroz e sa\u00edda de Weintraub do Governo se tornam maior desafio para governabilidade de Bolsonaro"},"content":{"rendered":"\n<p>Em Bras\u00edlia, a pris\u00e3o do ex-assessor Fabr\u00edcio Queiroz e a demiss\u00e3o do ex-ministro da Educa\u00e7\u00e3o, Abraham Weintraub, se tornaram o maior desafio do presidente Jair Bolsonaro em manter a governabilidade. A press\u00e3o sobre o Planalto s\u00f3 aumenta diante da aproxima\u00e7\u00e3o das investiga\u00e7\u00f5es em torno da pr\u00e1tica de &#8220;rachadinha&#8221; pelo filho Fl\u00e1vio Bolsonaro e a aproxima\u00e7\u00e3o com mil\u00edcias no Rio de Janeiro. Para piorar a situa\u00e7\u00e3o, Fabr\u00edcio Queiroz foi preso na casa do hoje advogado que defende Fl\u00e1vio Bolsonaro. Apelidado de &#8220;anjo&#8221; pela fam\u00edlia do presidente Bolsonaro, o criminalista Frederick Wassef tem pelo menos nove procura\u00e7\u00f5es para advogar em nome do cl\u00e3 Bolsonaro. Wassef tem acesso f\u00e1cil ao presidente tanto no Pal\u00e1cio do Planalto, como no Pal\u00e1cio da Alvorada.<\/p>\n\n\n\n<p>Os desdobramentos das investiga\u00e7\u00f5es sobre Fabr\u00edcio Queiroz se juntam aos inqu\u00e9ritos no STF, envolvendo fake news, a partir de um chamado &#8220;Gabinete do \u00d3dio&#8221; que seria operado por Carlos Bolsonaro, e dos atos antidemocr\u00e1ticos, que envolvem parlamentares e aliados do presidente Bolsonaro. Em manifesta\u00e7\u00f5es recentes que tiveram apoio do Chefe da Na\u00e7\u00e3o, houve defesas claras de fechamento do STF e do Congresso Nacional e volta da ditadura militar, o que vai de encontro ao que est\u00e1 na Constitui\u00e7\u00e3o Federal al\u00e9m de ferir a Lei de Seguran\u00e7a Nacional.<\/p>\n\n\n\n<p>A expectativa no momento \u00e9 que o avan\u00e7o das investiga\u00e7\u00f5es nas suas v\u00e1rias frentes venham a comprometer as alian\u00e7as que v\u00eam sendo feitas por Jair Bolsonaro com parlamentares do chamado Centr\u00e3o. Se novos fatos venham a surgir nos pr\u00f3ximos dias, n\u00e3o ser\u00e1 dif\u00edcil ver hoje aliados desistirem do apoio e passarem a ser oposi\u00e7\u00e3o. Ali\u00e1s, muitos outros j\u00e1 desistiram de Bolsonaro e passaram a ser tratados pela rede bolsonarista como os novos &#8220;comunistas&#8221;. <\/p>\n\n\n\n<p>Enquanto isso, Jair Bolsonaro prefere utilizar o discurso de &#8220;pris\u00e3o espetaculosa&#8221; para Fabr\u00edcio Queiroz. Segundo o presidente, &#8220;n\u00e3o havia nenhum mandado de pris\u00e3o contra ele (Queiroz). Foi feita uma pris\u00e3o espetaculosa. Pareciam que estavam prendendo o maior bandido da face da Terra&#8221;. As investiga\u00e7\u00f5es \u00e0 fundo v\u00e3o mostrar quem est\u00e1 certo na Hist\u00f3ria.<\/p>\n\n\n\n<figure class=\"wp-block-gallery columns-1 is-cropped wp-block-gallery-1 is-layout-flex wp-block-gallery-is-layout-flex\"><ul class=\"blocks-gallery-grid\"><li class=\"blocks-gallery-item\"><figure><img loading=\"lazy\" decoding=\"async\" width=\"1024\" height=\"683\" src=\"http:\/\/blogdorogeriogomes.com.br\/wp-content\/uploads\/2020\/06\/15924818245eeb58204448e_1592481824_3x2_lg.jpg\" alt=\"\" data-id=\"17194\" data-full-url=\"http:\/\/blogdorogeriogomes.com.br\/wp-content\/uploads\/2020\/06\/15924818245eeb58204448e_1592481824_3x2_lg.jpg\" data-link=\"http:\/\/blogdorogeriogomes.com.br\/?attachment_id=17194\" class=\"wp-image-17194\" srcset=\"https:\/\/blogdorogeriogomes.com.br\/noticias\/wp-content\/uploads\/2020\/06\/15924818245eeb58204448e_1592481824_3x2_lg.jpg 1024w, https:\/\/blogdorogeriogomes.com.br\/noticias\/wp-content\/uploads\/2020\/06\/15924818245eeb58204448e_1592481824_3x2_lg-300x200.jpg 300w, https:\/\/blogdorogeriogomes.com.br\/noticias\/wp-content\/uploads\/2020\/06\/15924818245eeb58204448e_1592481824_3x2_lg-768x512.jpg 768w, https:\/\/blogdorogeriogomes.com.br\/noticias\/wp-content\/uploads\/2020\/06\/15924818245eeb58204448e_1592481824_3x2_lg-800x534.jpg 800w\" sizes=\"auto, (max-width: 1024px) 100vw, 1024px\" \/><\/figure><\/li><\/ul><\/figure>\n\n\n\n<p><\/p>\n","protected":false},"excerpt":{"rendered":"<p>Em Bras\u00edlia, a pris\u00e3o do ex-assessor Fabr\u00edcio Queiroz e a demiss\u00e3o do ex-ministro da Educa\u00e7\u00e3o, Abraham Weintraub, se tornaram o maior desafio do presidente Jair Bolsonaro em manter a governabilidade. A press\u00e3o sobre o Planalto s\u00f3 aumenta diante da aproxima\u00e7\u00e3o das investiga\u00e7\u00f5es em torno da pr\u00e1tica de &#8220;rachadinha&#8221; pelo filho Fl\u00e1vio Bolsonaro e a aproxima\u00e7\u00e3o com mil\u00edcias no Rio de Janeiro. Para piorar a situa\u00e7\u00e3o, Fabr\u00edcio Queiroz foi preso na casa do hoje advogado que defende Fl\u00e1vio Bolsonaro. Apelidado&hellip;<\/p>\n","protected":false},"author":1,"featured_media":17194,"comment_status":"open","ping_status":"open","sticky":false,"template":"","format":"standard","meta":{"footnotes":""},"categories":[1],"tags":[],"class_list":["post-17193","post","type-post","status-publish","format-standard","has-post-thumbnail","hentry","category-noticias"],"_links":{"self":[{"href":"https:\/\/blogdorogeriogomes.com.br\/noticias\/wp-json\/wp\/v2\/posts\/17193","targetHints":{"allow":["GET"]}}],"collection":[{"href":"https:\/\/blogdorogeriogomes.com.br\/noticias\/wp-json\/wp\/v2\/posts"}],"about":[{"href":"https:\/\/blogdorogeriogomes.com.br\/noticias\/wp-json\/wp\/v2\/types\/post"}],"author":[{"embeddable":true,"href":"https:\/\/blogdorogeriogomes.com.br\/noticias\/wp-json\/wp\/v2\/users\/1"}],"replies":[{"embeddable":true,"href":"https:\/\/blogdorogeriogomes.com.br\/noticias\/wp-json\/wp\/v2\/comments?post=17193"}],"version-history":[{"count":1,"href":"https:\/\/blogdorogeriogomes.com.br\/noticias\/wp-json\/wp\/v2\/posts\/17193\/revisions"}],"predecessor-version":[{"id":17195,"href":"https:\/\/blogdorogeriogomes.com.br\/noticias\/wp-json\/wp\/v2\/posts\/17193\/revisions\/17195"}],"wp:featuredmedia":[{"embeddable":true,"href":"https:\/\/blogdorogeriogomes.com.br\/noticias\/wp-json\/wp\/v2\/media\/17194"}],"wp:attachment":[{"href":"https:\/\/blogdorogeriogomes.com.br\/noticias\/wp-json\/wp\/v2\/media?parent=17193"}],"wp:term":[{"taxonomy":"category","embeddable":true,"href":"https:\/\/blogdorogeriogomes.com.br\/noticias\/wp-json\/wp\/v2\/categories?post=17193"},{"taxonomy":"post_tag","embeddable":true,"href":"https:\/\/blogdorogeriogomes.com.br\/noticias\/wp-json\/wp\/v2\/tags?post=17193"}],"curies":[{"name":"wp","href":"https:\/\/api.w.org\/{rel}","templated":true}]}}