{"id":17199,"date":"2020-06-19T20:06:47","date_gmt":"2020-06-19T20:06:47","guid":{"rendered":"http:\/\/blogdorogeriogomes.com.br\/?p=17199"},"modified":"2020-06-22T09:36:37","modified_gmt":"2020-06-22T09:36:37","slug":"primeira-fase-de-pesquisa-revela-que-pelo-menos-142-dos-fortalezenses-ja-testaram-positivo-para-o-coronavirus","status":"publish","type":"post","link":"https:\/\/blogdorogeriogomes.com.br\/noticias\/2020\/06\/primeira-fase-de-pesquisa-revela-que-pelo-menos-142-dos-fortalezenses-ja-testaram-positivo-para-o-coronavirus\/","title":{"rendered":"Primeira fase de pesquisa revela que pelo menos 14,2% dos fortalezenses j\u00e1 testaram positivo para o coronav\u00edrus"},"content":{"rendered":"\n<p>A primeira fase da pesquisa feita&nbsp;na Capital pelas Secret\u00e1rias de Sa\u00fade de Fortaleza e do Estado, em parceria com o Instituto Opnus e com a Federa\u00e7\u00e3o das Ind\u00fastrias do Estado do Cear\u00e1 (Fiec), revela que 14,2% dos fortalezenses testaram positivo para anticorpos contra o novo coronav\u00edrus. O estudo estima que mais de 379 mil fortalezenses j\u00e1 desenvolveram defesa contra a Covid-19. A Regional I \u00e9 a mais atingida pela pandemia com \u00edndice de 20,3%. E o bairro com maior registro de pessoas contaminadas \u00e9 a Barra do Cear\u00e1 com 23,5%. O levantamento realizou 3.300 testes em 39 bairros de Fortaleza.<\/p>\n\n\n\n<p>Nesta sexta-feira, dia 19 de junho, o Cear\u00e1 registra 89.863 casos confirmados do coronav\u00edrus com 5.460 mortes. O Brasil atingiu na tarde desta sexta-feira a marca de 1.009.699 casos confirmados da Covid-19. At\u00e9 agora, foram registradas 48.422 pessoas mortas pela doen\u00e7a no Pa\u00eds. <\/p>\n\n\n\n<figure class=\"wp-block-gallery columns-1 is-cropped wp-block-gallery-1 is-layout-flex wp-block-gallery-is-layout-flex\"><ul class=\"blocks-gallery-grid\"><li class=\"blocks-gallery-item\"><figure><img loading=\"lazy\" decoding=\"async\" width=\"640\" height=\"480\" src=\"http:\/\/blogdorogeriogomes.com.br\/wp-content\/uploads\/2020\/06\/images-11-1.jpeg\" alt=\"\" data-id=\"17200\" data-full-url=\"http:\/\/blogdorogeriogomes.com.br\/wp-content\/uploads\/2020\/06\/images-11-1.jpeg\" data-link=\"http:\/\/blogdorogeriogomes.com.br\/?attachment_id=17200\" class=\"wp-image-17200\" srcset=\"https:\/\/blogdorogeriogomes.com.br\/noticias\/wp-content\/uploads\/2020\/06\/images-11-1.jpeg 640w, https:\/\/blogdorogeriogomes.com.br\/noticias\/wp-content\/uploads\/2020\/06\/images-11-1-300x225.jpeg 300w, https:\/\/blogdorogeriogomes.com.br\/noticias\/wp-content\/uploads\/2020\/06\/images-11-1-400x300.jpeg 400w\" sizes=\"auto, (max-width: 640px) 100vw, 640px\" \/><\/figure><\/li><\/ul><\/figure>\n","protected":false},"excerpt":{"rendered":"<p>A primeira fase da pesquisa feita&nbsp;na Capital pelas Secret\u00e1rias de Sa\u00fade de Fortaleza e do Estado, em parceria com o Instituto Opnus e com a Federa\u00e7\u00e3o das Ind\u00fastrias do Estado do Cear\u00e1 (Fiec), revela que 14,2% dos fortalezenses testaram positivo para anticorpos contra o novo coronav\u00edrus. O estudo estima que mais de 379 mil fortalezenses j\u00e1 desenvolveram defesa contra a Covid-19. A Regional I \u00e9 a mais atingida pela pandemia com \u00edndice de 20,3%. E o bairro com maior&hellip;<\/p>\n","protected":false},"author":1,"featured_media":17200,"comment_status":"open","ping_status":"open","sticky":false,"template":"","format":"standard","meta":{"footnotes":""},"categories":[1],"tags":[],"class_list":["post-17199","post","type-post","status-publish","format-standard","has-post-thumbnail","hentry","category-noticias"],"_links":{"self":[{"href":"https:\/\/blogdorogeriogomes.com.br\/noticias\/wp-json\/wp\/v2\/posts\/17199","targetHints":{"allow":["GET"]}}],"collection":[{"href":"https:\/\/blogdorogeriogomes.com.br\/noticias\/wp-json\/wp\/v2\/posts"}],"about":[{"href":"https:\/\/blogdorogeriogomes.com.br\/noticias\/wp-json\/wp\/v2\/types\/post"}],"author":[{"embeddable":true,"href":"https:\/\/blogdorogeriogomes.com.br\/noticias\/wp-json\/wp\/v2\/users\/1"}],"replies":[{"embeddable":true,"href":"https:\/\/blogdorogeriogomes.com.br\/noticias\/wp-json\/wp\/v2\/comments?post=17199"}],"version-history":[{"count":2,"href":"https:\/\/blogdorogeriogomes.com.br\/noticias\/wp-json\/wp\/v2\/posts\/17199\/revisions"}],"predecessor-version":[{"id":17218,"href":"https:\/\/blogdorogeriogomes.com.br\/noticias\/wp-json\/wp\/v2\/posts\/17199\/revisions\/17218"}],"wp:featuredmedia":[{"embeddable":true,"href":"https:\/\/blogdorogeriogomes.com.br\/noticias\/wp-json\/wp\/v2\/media\/17200"}],"wp:attachment":[{"href":"https:\/\/blogdorogeriogomes.com.br\/noticias\/wp-json\/wp\/v2\/media?parent=17199"}],"wp:term":[{"taxonomy":"category","embeddable":true,"href":"https:\/\/blogdorogeriogomes.com.br\/noticias\/wp-json\/wp\/v2\/categories?post=17199"},{"taxonomy":"post_tag","embeddable":true,"href":"https:\/\/blogdorogeriogomes.com.br\/noticias\/wp-json\/wp\/v2\/tags?post=17199"}],"curies":[{"name":"wp","href":"https:\/\/api.w.org\/{rel}","templated":true}]}}