{"id":17208,"date":"2020-06-20T11:37:00","date_gmt":"2020-06-20T11:37:00","guid":{"rendered":"http:\/\/blogdorogeriogomes.com.br\/?p=17208"},"modified":"2020-06-22T09:35:31","modified_gmt":"2020-06-22T09:35:31","slug":"ator-mario-frias-e-nomeado-por-bolsonaro-como-novo-secretario-especial-da-cultura","status":"publish","type":"post","link":"https:\/\/blogdorogeriogomes.com.br\/noticias\/2020\/06\/ator-mario-frias-e-nomeado-por-bolsonaro-como-novo-secretario-especial-da-cultura\/","title":{"rendered":"Ator M\u00e1rio Frias \u00e9 nomeado por Bolsonaro como novo Secret\u00e1rio Especial da Cultura"},"content":{"rendered":"\n<p>O presidente Jair Bolsonaro nomeou, nesta sexta-feira, dia 19 de junho, o ator M\u00e1rio Frias para o comando da Secretaria Especial da Cultura. \u00c9 a quinta escolha do presidente para o cargo. A nomea\u00e7\u00e3o foi publicada em edi\u00e7\u00e3o extra do Di\u00e1rio Oficial da Uni\u00e3o.<\/p>\n\n\n\n<p>M\u00e1rio Frias substitui a atriz Regina Duarte na Secretaria. Ele j\u00e1 havia sido cotado para assumir a Pasta em janeiro, quando da sa\u00edda de Roberto Alvim, demitido ap\u00f3s ter feito par\u00f3dia de um ministro da Alemanha nazista. A aposta seguinte foi Regina Duarte, que ficou menos de tr\u00eas meses como titular da Cultura.<\/p>\n\n\n\n<figure class=\"wp-block-gallery columns-1 is-cropped wp-block-gallery-1 is-layout-flex wp-block-gallery-is-layout-flex\"><ul class=\"blocks-gallery-grid\"><li class=\"blocks-gallery-item\"><figure><img loading=\"lazy\" decoding=\"async\" width=\"679\" height=\"452\" src=\"http:\/\/blogdorogeriogomes.com.br\/wp-content\/uploads\/2020\/06\/images-14-1.jpeg\" alt=\"\" data-id=\"17209\" data-full-url=\"http:\/\/blogdorogeriogomes.com.br\/wp-content\/uploads\/2020\/06\/images-14-1.jpeg\" data-link=\"http:\/\/blogdorogeriogomes.com.br\/?attachment_id=17209\" class=\"wp-image-17209\" srcset=\"https:\/\/blogdorogeriogomes.com.br\/noticias\/wp-content\/uploads\/2020\/06\/images-14-1.jpeg 679w, https:\/\/blogdorogeriogomes.com.br\/noticias\/wp-content\/uploads\/2020\/06\/images-14-1-300x200.jpeg 300w\" sizes=\"auto, (max-width: 679px) 100vw, 679px\" \/><\/figure><\/li><\/ul><\/figure>\n","protected":false},"excerpt":{"rendered":"<p>O presidente Jair Bolsonaro nomeou, nesta sexta-feira, dia 19 de junho, o ator M\u00e1rio Frias para o comando da Secretaria Especial da Cultura. \u00c9 a quinta escolha do presidente para o cargo. A nomea\u00e7\u00e3o foi publicada em edi\u00e7\u00e3o extra do Di\u00e1rio Oficial da Uni\u00e3o. M\u00e1rio Frias substitui a atriz Regina Duarte na Secretaria. Ele j\u00e1 havia sido cotado para assumir a Pasta em janeiro, quando da sa\u00edda de Roberto Alvim, demitido ap\u00f3s ter feito par\u00f3dia de um ministro da&hellip;<\/p>\n","protected":false},"author":1,"featured_media":17209,"comment_status":"open","ping_status":"open","sticky":false,"template":"","format":"standard","meta":{"footnotes":""},"categories":[1],"tags":[],"class_list":["post-17208","post","type-post","status-publish","format-standard","has-post-thumbnail","hentry","category-noticias"],"_links":{"self":[{"href":"https:\/\/blogdorogeriogomes.com.br\/noticias\/wp-json\/wp\/v2\/posts\/17208","targetHints":{"allow":["GET"]}}],"collection":[{"href":"https:\/\/blogdorogeriogomes.com.br\/noticias\/wp-json\/wp\/v2\/posts"}],"about":[{"href":"https:\/\/blogdorogeriogomes.com.br\/noticias\/wp-json\/wp\/v2\/types\/post"}],"author":[{"embeddable":true,"href":"https:\/\/blogdorogeriogomes.com.br\/noticias\/wp-json\/wp\/v2\/users\/1"}],"replies":[{"embeddable":true,"href":"https:\/\/blogdorogeriogomes.com.br\/noticias\/wp-json\/wp\/v2\/comments?post=17208"}],"version-history":[{"count":1,"href":"https:\/\/blogdorogeriogomes.com.br\/noticias\/wp-json\/wp\/v2\/posts\/17208\/revisions"}],"predecessor-version":[{"id":17210,"href":"https:\/\/blogdorogeriogomes.com.br\/noticias\/wp-json\/wp\/v2\/posts\/17208\/revisions\/17210"}],"wp:featuredmedia":[{"embeddable":true,"href":"https:\/\/blogdorogeriogomes.com.br\/noticias\/wp-json\/wp\/v2\/media\/17209"}],"wp:attachment":[{"href":"https:\/\/blogdorogeriogomes.com.br\/noticias\/wp-json\/wp\/v2\/media?parent=17208"}],"wp:term":[{"taxonomy":"category","embeddable":true,"href":"https:\/\/blogdorogeriogomes.com.br\/noticias\/wp-json\/wp\/v2\/categories?post=17208"},{"taxonomy":"post_tag","embeddable":true,"href":"https:\/\/blogdorogeriogomes.com.br\/noticias\/wp-json\/wp\/v2\/tags?post=17208"}],"curies":[{"name":"wp","href":"https:\/\/api.w.org\/{rel}","templated":true}]}}