{"id":17211,"date":"2020-06-20T15:35:00","date_gmt":"2020-06-20T15:35:00","guid":{"rendered":"http:\/\/blogdorogeriogomes.com.br\/?p=17211"},"modified":"2020-06-22T09:35:21","modified_gmt":"2020-06-22T09:35:21","slug":"camilo-santana-confirma-inicio-da-fase-2-de-retomada-economica-em-fortaleza-a-partir-de-segunda-feira","status":"publish","type":"post","link":"https:\/\/blogdorogeriogomes.com.br\/noticias\/2020\/06\/camilo-santana-confirma-inicio-da-fase-2-de-retomada-economica-em-fortaleza-a-partir-de-segunda-feira\/","title":{"rendered":"Camilo Santana confirma in\u00edcio da Fase 2 de retomada econ\u00f4mica em Fortaleza a partir de segunda-feira"},"content":{"rendered":"\n<p>O governador do Cear\u00e1, Camilo Santana, e o prefeito de Fortaleza, Roberto Cl\u00e1udio, confirmaram no in\u00edcio da tarde deste s\u00e1bado, dia 20 de junho, o in\u00edcio da Fase 2 do plano de retomada econ\u00f4mica para Fortaleza. O novo decreto governamental tem validade a partir de segunda-feira, dia 22 de junho. <\/p>\n\n\n\n<p>Entre os servi\u00e7os que passam a ter autoriza\u00e7\u00e3o de funcionamento est\u00e3o os restaurantes com 40% da capacidade no hor\u00e1rio do almo\u00e7o; templos religiosos com apenas 20% da capacidade e atividades de esporte individuais. Outras atividades do com\u00e9rcio e da ind\u00fastria tamb\u00e9m est\u00e3o autorizadas.<\/p>\n\n\n\n<p>Para o restante do Cear\u00e1, Camilo Santana confirmou que permanece a fase de transi\u00e7\u00e3o, com exce\u00e7\u00e3o dos munic\u00edpios de Sobral, na Zona Norte, e Juazeiro do Norte, na Regi\u00e3o do Cariri, que ter\u00e3o regras r\u00edgidas de isolamento social, porque apresentam evolu\u00e7\u00e3o no n\u00famero de casos da Covid-19. A Regi\u00e3o Metropolitana de Fortaleza tamb\u00e9m passar\u00e1 para a Fase 1 do plano de retomada econ\u00f4mica. Para todo o Estado continua obrigat\u00f3rio do uso da m\u00e1scara como forma de prote\u00e7\u00e3o individual.<\/p>\n\n\n\n<figure class=\"wp-block-gallery columns-1 is-cropped wp-block-gallery-1 is-layout-flex wp-block-gallery-is-layout-flex\"><ul class=\"blocks-gallery-grid\"><li class=\"blocks-gallery-item\"><figure><img loading=\"lazy\" decoding=\"async\" width=\"680\" height=\"451\" src=\"http:\/\/blogdorogeriogomes.com.br\/wp-content\/uploads\/2020\/06\/images-15-1.jpeg\" alt=\"\" data-id=\"17212\" data-full-url=\"http:\/\/blogdorogeriogomes.com.br\/wp-content\/uploads\/2020\/06\/images-15-1.jpeg\" data-link=\"http:\/\/blogdorogeriogomes.com.br\/?attachment_id=17212\" class=\"wp-image-17212\" srcset=\"https:\/\/blogdorogeriogomes.com.br\/noticias\/wp-content\/uploads\/2020\/06\/images-15-1.jpeg 680w, https:\/\/blogdorogeriogomes.com.br\/noticias\/wp-content\/uploads\/2020\/06\/images-15-1-300x199.jpeg 300w\" sizes=\"auto, (max-width: 680px) 100vw, 680px\" \/><\/figure><\/li><\/ul><\/figure>\n","protected":false},"excerpt":{"rendered":"<p>O governador do Cear\u00e1, Camilo Santana, e o prefeito de Fortaleza, Roberto Cl\u00e1udio, confirmaram no in\u00edcio da tarde deste s\u00e1bado, dia 20 de junho, o in\u00edcio da Fase 2 do plano de retomada econ\u00f4mica para Fortaleza. O novo decreto governamental tem validade a partir de segunda-feira, dia 22 de junho. Entre os servi\u00e7os que passam a ter autoriza\u00e7\u00e3o de funcionamento est\u00e3o os restaurantes com 40% da capacidade no hor\u00e1rio do almo\u00e7o; templos religiosos com apenas 20% da capacidade e&hellip;<\/p>\n","protected":false},"author":1,"featured_media":17212,"comment_status":"open","ping_status":"open","sticky":false,"template":"","format":"standard","meta":{"footnotes":""},"categories":[1],"tags":[],"class_list":["post-17211","post","type-post","status-publish","format-standard","has-post-thumbnail","hentry","category-noticias"],"_links":{"self":[{"href":"https:\/\/blogdorogeriogomes.com.br\/noticias\/wp-json\/wp\/v2\/posts\/17211","targetHints":{"allow":["GET"]}}],"collection":[{"href":"https:\/\/blogdorogeriogomes.com.br\/noticias\/wp-json\/wp\/v2\/posts"}],"about":[{"href":"https:\/\/blogdorogeriogomes.com.br\/noticias\/wp-json\/wp\/v2\/types\/post"}],"author":[{"embeddable":true,"href":"https:\/\/blogdorogeriogomes.com.br\/noticias\/wp-json\/wp\/v2\/users\/1"}],"replies":[{"embeddable":true,"href":"https:\/\/blogdorogeriogomes.com.br\/noticias\/wp-json\/wp\/v2\/comments?post=17211"}],"version-history":[{"count":1,"href":"https:\/\/blogdorogeriogomes.com.br\/noticias\/wp-json\/wp\/v2\/posts\/17211\/revisions"}],"predecessor-version":[{"id":17213,"href":"https:\/\/blogdorogeriogomes.com.br\/noticias\/wp-json\/wp\/v2\/posts\/17211\/revisions\/17213"}],"wp:featuredmedia":[{"embeddable":true,"href":"https:\/\/blogdorogeriogomes.com.br\/noticias\/wp-json\/wp\/v2\/media\/17212"}],"wp:attachment":[{"href":"https:\/\/blogdorogeriogomes.com.br\/noticias\/wp-json\/wp\/v2\/media?parent=17211"}],"wp:term":[{"taxonomy":"category","embeddable":true,"href":"https:\/\/blogdorogeriogomes.com.br\/noticias\/wp-json\/wp\/v2\/categories?post=17211"},{"taxonomy":"post_tag","embeddable":true,"href":"https:\/\/blogdorogeriogomes.com.br\/noticias\/wp-json\/wp\/v2\/tags?post=17211"}],"curies":[{"name":"wp","href":"https:\/\/api.w.org\/{rel}","templated":true}]}}