{"id":17214,"date":"2020-06-21T12:51:51","date_gmt":"2020-06-21T12:51:51","guid":{"rendered":"http:\/\/blogdorogeriogomes.com.br\/?p=17214"},"modified":"2020-06-22T09:35:11","modified_gmt":"2020-06-22T09:35:11","slug":"debate-pela-internet-discute-tributacao-regressiva-fundo-publico-e-politicas-sociais","status":"publish","type":"post","link":"https:\/\/blogdorogeriogomes.com.br\/noticias\/2020\/06\/debate-pela-internet-discute-tributacao-regressiva-fundo-publico-e-politicas-sociais\/","title":{"rendered":"Debate pela internet discute tributa\u00e7\u00e3o regressiva, fundo p\u00fablico e pol\u00edticas sociais"},"content":{"rendered":"\n<p>\u201cTributa\u00e7\u00e3o regressiva, fundo p\u00fablico e pol\u00edticas sociais\u201d.&nbsp; Este \u00e9 o tema do pr\u00f3ximo debate promovido pela Revista Labor UFC, com a participa\u00e7\u00e3o de Evil\u00e1sio Salvador, economista, doutor em Pol\u00edtica Social pela UNB, onde \u00e9 professor na gradua\u00e7\u00e3o em Servi\u00e7o Social e no Programa de P\u00f3s-Gradua\u00e7\u00e3o em Pol\u00edtica Social(Mestrado\/Doutorado). Salvador \u00e9 autor entre outras publica\u00e7\u00f5es, do livro Fundo P\u00fablico e Seguridade Social no Brasil, tendo dezenas de artigos publicados sobre or\u00e7amento p\u00fablico, tributa\u00e7\u00e3o, seguridade social e financiamento das pol\u00edticas sociais. Desenvolve pesquisa na \u00e1rea de Fundo P\u00fablico, Pol\u00edtica Social, Financeiriza\u00e7\u00e3o e Or\u00e7amento P\u00fablico e financiamentos de pol\u00edticas e programas sociais.<br>O debate acontece nesta segunda-feira, dia 22 de junho, \u00e0s 19 horas, tendo como mediador Eudes Xavier (foto), sindicalista e ex-deputado federal. Eudes Xavier atuou na Comiss\u00e3o do Trabalho e Servi\u00e7os P\u00fablicos da C\u00e2mara dos Deputados, e integrante do Labor\/UFC.<\/p>\n\n\n\n<p>Acompanhe via Faceebook (https:\/\/www.facebook.com\/revistalaborUFC&nbsp;ou no Youtube (https:\/\/www.youtube.com\/UCQGuyERuXzLz3Ii9BkyEe8g).<\/p>\n\n\n\n<figure class=\"wp-block-gallery columns-1 is-cropped wp-block-gallery-1 is-layout-flex wp-block-gallery-is-layout-flex\"><ul class=\"blocks-gallery-grid\"><li class=\"blocks-gallery-item\"><figure><img loading=\"lazy\" decoding=\"async\" width=\"438\" height=\"263\" src=\"http:\/\/blogdorogeriogomes.com.br\/wp-content\/uploads\/2020\/06\/images-16-1.jpeg\" alt=\"\" data-id=\"17215\" data-full-url=\"http:\/\/blogdorogeriogomes.com.br\/wp-content\/uploads\/2020\/06\/images-16-1.jpeg\" data-link=\"http:\/\/blogdorogeriogomes.com.br\/?attachment_id=17215\" class=\"wp-image-17215\" srcset=\"https:\/\/blogdorogeriogomes.com.br\/noticias\/wp-content\/uploads\/2020\/06\/images-16-1.jpeg 438w, https:\/\/blogdorogeriogomes.com.br\/noticias\/wp-content\/uploads\/2020\/06\/images-16-1-300x180.jpeg 300w\" sizes=\"auto, (max-width: 438px) 100vw, 438px\" \/><\/figure><\/li><\/ul><\/figure>\n","protected":false},"excerpt":{"rendered":"<p>\u201cTributa\u00e7\u00e3o regressiva, fundo p\u00fablico e pol\u00edticas sociais\u201d.&nbsp; Este \u00e9 o tema do pr\u00f3ximo debate promovido pela Revista Labor UFC, com a participa\u00e7\u00e3o de Evil\u00e1sio Salvador, economista, doutor em Pol\u00edtica Social pela UNB, onde \u00e9 professor na gradua\u00e7\u00e3o em Servi\u00e7o Social e no Programa de P\u00f3s-Gradua\u00e7\u00e3o em Pol\u00edtica Social(Mestrado\/Doutorado). Salvador \u00e9 autor entre outras publica\u00e7\u00f5es, do livro Fundo P\u00fablico e Seguridade Social no Brasil, tendo dezenas de artigos publicados sobre or\u00e7amento p\u00fablico, tributa\u00e7\u00e3o, seguridade social e financiamento das pol\u00edticas sociais.&hellip;<\/p>\n","protected":false},"author":1,"featured_media":17215,"comment_status":"open","ping_status":"open","sticky":false,"template":"","format":"standard","meta":{"footnotes":""},"categories":[1],"tags":[],"class_list":["post-17214","post","type-post","status-publish","format-standard","has-post-thumbnail","hentry","category-noticias"],"_links":{"self":[{"href":"https:\/\/blogdorogeriogomes.com.br\/noticias\/wp-json\/wp\/v2\/posts\/17214","targetHints":{"allow":["GET"]}}],"collection":[{"href":"https:\/\/blogdorogeriogomes.com.br\/noticias\/wp-json\/wp\/v2\/posts"}],"about":[{"href":"https:\/\/blogdorogeriogomes.com.br\/noticias\/wp-json\/wp\/v2\/types\/post"}],"author":[{"embeddable":true,"href":"https:\/\/blogdorogeriogomes.com.br\/noticias\/wp-json\/wp\/v2\/users\/1"}],"replies":[{"embeddable":true,"href":"https:\/\/blogdorogeriogomes.com.br\/noticias\/wp-json\/wp\/v2\/comments?post=17214"}],"version-history":[{"count":2,"href":"https:\/\/blogdorogeriogomes.com.br\/noticias\/wp-json\/wp\/v2\/posts\/17214\/revisions"}],"predecessor-version":[{"id":17217,"href":"https:\/\/blogdorogeriogomes.com.br\/noticias\/wp-json\/wp\/v2\/posts\/17214\/revisions\/17217"}],"wp:featuredmedia":[{"embeddable":true,"href":"https:\/\/blogdorogeriogomes.com.br\/noticias\/wp-json\/wp\/v2\/media\/17215"}],"wp:attachment":[{"href":"https:\/\/blogdorogeriogomes.com.br\/noticias\/wp-json\/wp\/v2\/media?parent=17214"}],"wp:term":[{"taxonomy":"category","embeddable":true,"href":"https:\/\/blogdorogeriogomes.com.br\/noticias\/wp-json\/wp\/v2\/categories?post=17214"},{"taxonomy":"post_tag","embeddable":true,"href":"https:\/\/blogdorogeriogomes.com.br\/noticias\/wp-json\/wp\/v2\/tags?post=17214"}],"curies":[{"name":"wp","href":"https:\/\/api.w.org\/{rel}","templated":true}]}}