{"id":17220,"date":"2020-06-22T10:56:48","date_gmt":"2020-06-22T10:56:48","guid":{"rendered":"http:\/\/blogdorogeriogomes.com.br\/?p=17220"},"modified":"2020-06-22T14:31:34","modified_gmt":"2020-06-22T14:31:34","slug":"fase-2-do-plano-de-retomada-da-economia-coloca-mais-105-mil-trabalhadores-nas-ruas-da-grande-fortaleza-nesta-segunda-feira","status":"publish","type":"post","link":"https:\/\/blogdorogeriogomes.com.br\/noticias\/2020\/06\/fase-2-do-plano-de-retomada-da-economia-coloca-mais-105-mil-trabalhadores-nas-ruas-da-grande-fortaleza-nesta-segunda-feira\/","title":{"rendered":"Fase 2 do plano de retomada da economia coloca mais 105 mil trabalhadores nas ruas da Grande Fortaleza nesta segunda-feira"},"content":{"rendered":"\n<p>Cerca de 105 mil trabalhadores de 14 cadeias produtivas voltam ao trabalho em Fortaleza e Regi\u00e3o Metropolitana, nesta segunda-feira, dia 22 de junho, com o in\u00edcio da Fase 2 do plano de retomada econ\u00f4mica. Destas cadeias, seis j\u00e1 poder\u00e3o operar com 100% da capacidade: constru\u00e7\u00e3o civil, ind\u00fastria qu\u00edmica e correlatos, artigos de couros e cal\u00e7ados, cadeia metalmec\u00e2nica e afins, saneamento e reciclagem e cadeia de energia el\u00e9trica.<\/p>\n\n\n\n<p>Restaurantes em Fortaleza&nbsp;poder\u00e3o reabrir para servi\u00e7os internos e atendimento presencial no hor\u00e1rio do almo\u00e7o a partir desta segunda-feira. O atendimento ao p\u00fablico ser\u00e1 das 11 \u00e0s 16 horas. Os templos religiosos tamb\u00e9m poder\u00e3o abrir, respeitando a ocupa\u00e7\u00e3o m\u00e1xima de 20% de sua capacidade.<\/p>\n\n\n\n<p>A Regi\u00e3o Metropolitana e mais 25 munic\u00edpios avan\u00e7am para Fase 1. Todo o restante do Cear\u00e1 continuar\u00e1 na fase de transi\u00e7\u00e3o, com exce\u00e7\u00e3o de Sobral e Juazeiro do Norte que est\u00e3o em sistema de lockdown, por causa da alta de casos. <\/p>\n\n\n\n<figure class=\"wp-block-gallery columns-1 is-cropped wp-block-gallery-1 is-layout-flex wp-block-gallery-is-layout-flex\"><ul class=\"blocks-gallery-grid\"><li class=\"blocks-gallery-item\"><figure><img loading=\"lazy\" decoding=\"async\" width=\"678\" height=\"452\" src=\"http:\/\/blogdorogeriogomes.com.br\/wp-content\/uploads\/2020\/06\/images-17-1.jpeg\" alt=\"\" data-id=\"17221\" data-full-url=\"http:\/\/blogdorogeriogomes.com.br\/wp-content\/uploads\/2020\/06\/images-17-1.jpeg\" data-link=\"http:\/\/blogdorogeriogomes.com.br\/?attachment_id=17221\" class=\"wp-image-17221\" srcset=\"https:\/\/blogdorogeriogomes.com.br\/noticias\/wp-content\/uploads\/2020\/06\/images-17-1.jpeg 678w, https:\/\/blogdorogeriogomes.com.br\/noticias\/wp-content\/uploads\/2020\/06\/images-17-1-300x200.jpeg 300w\" sizes=\"auto, (max-width: 678px) 100vw, 678px\" \/><\/figure><\/li><\/ul><\/figure>\n","protected":false},"excerpt":{"rendered":"<p>Cerca de 105 mil trabalhadores de 14 cadeias produtivas voltam ao trabalho em Fortaleza e Regi\u00e3o Metropolitana, nesta segunda-feira, dia 22 de junho, com o in\u00edcio da Fase 2 do plano de retomada econ\u00f4mica. Destas cadeias, seis j\u00e1 poder\u00e3o operar com 100% da capacidade: constru\u00e7\u00e3o civil, ind\u00fastria qu\u00edmica e correlatos, artigos de couros e cal\u00e7ados, cadeia metalmec\u00e2nica e afins, saneamento e reciclagem e cadeia de energia el\u00e9trica. Restaurantes em Fortaleza&nbsp;poder\u00e3o reabrir para servi\u00e7os internos e atendimento presencial no hor\u00e1rio&hellip;<\/p>\n","protected":false},"author":1,"featured_media":17221,"comment_status":"open","ping_status":"open","sticky":false,"template":"","format":"standard","meta":{"footnotes":""},"categories":[1],"tags":[],"class_list":["post-17220","post","type-post","status-publish","format-standard","has-post-thumbnail","hentry","category-noticias"],"_links":{"self":[{"href":"https:\/\/blogdorogeriogomes.com.br\/noticias\/wp-json\/wp\/v2\/posts\/17220","targetHints":{"allow":["GET"]}}],"collection":[{"href":"https:\/\/blogdorogeriogomes.com.br\/noticias\/wp-json\/wp\/v2\/posts"}],"about":[{"href":"https:\/\/blogdorogeriogomes.com.br\/noticias\/wp-json\/wp\/v2\/types\/post"}],"author":[{"embeddable":true,"href":"https:\/\/blogdorogeriogomes.com.br\/noticias\/wp-json\/wp\/v2\/users\/1"}],"replies":[{"embeddable":true,"href":"https:\/\/blogdorogeriogomes.com.br\/noticias\/wp-json\/wp\/v2\/comments?post=17220"}],"version-history":[{"count":2,"href":"https:\/\/blogdorogeriogomes.com.br\/noticias\/wp-json\/wp\/v2\/posts\/17220\/revisions"}],"predecessor-version":[{"id":17230,"href":"https:\/\/blogdorogeriogomes.com.br\/noticias\/wp-json\/wp\/v2\/posts\/17220\/revisions\/17230"}],"wp:featuredmedia":[{"embeddable":true,"href":"https:\/\/blogdorogeriogomes.com.br\/noticias\/wp-json\/wp\/v2\/media\/17221"}],"wp:attachment":[{"href":"https:\/\/blogdorogeriogomes.com.br\/noticias\/wp-json\/wp\/v2\/media?parent=17220"}],"wp:term":[{"taxonomy":"category","embeddable":true,"href":"https:\/\/blogdorogeriogomes.com.br\/noticias\/wp-json\/wp\/v2\/categories?post=17220"},{"taxonomy":"post_tag","embeddable":true,"href":"https:\/\/blogdorogeriogomes.com.br\/noticias\/wp-json\/wp\/v2\/tags?post=17220"}],"curies":[{"name":"wp","href":"https:\/\/api.w.org\/{rel}","templated":true}]}}