{"id":17223,"date":"2020-06-22T11:15:25","date_gmt":"2020-06-22T11:15:25","guid":{"rendered":"http:\/\/blogdorogeriogomes.com.br\/?p=17223"},"modified":"2020-06-22T14:31:25","modified_gmt":"2020-06-22T14:31:25","slug":"comeca-nesta-segunda-feira-o-pagamento-da-terceira-parcela-do-auxilio-emergencial-de-r-600-reais","status":"publish","type":"post","link":"https:\/\/blogdorogeriogomes.com.br\/noticias\/2020\/06\/comeca-nesta-segunda-feira-o-pagamento-da-terceira-parcela-do-auxilio-emergencial-de-r-600-reais\/","title":{"rendered":"Come\u00e7a nesta segunda-feira o pagamento da terceira parcela do aux\u00edlio emergencial de R$ 600 reais"},"content":{"rendered":"\n<p>Come\u00e7a nesta segunda-feira, dia 22 de junho, o saque da 3\u00aa parcela do aux\u00edlio emergencial de R$ 600 aos benefici\u00e1rios do Bolsa Fam\u00edlia que t\u00eam o NIS (N\u00famero de Identifica\u00e7\u00e3o Social) terminado em 4. Quem tem NIS com d\u00edgito final entre 1 e 3 j\u00e1 teve a 3\u00aa parcela liberada e continua podendo sacar o dinheiro.<\/p>\n\n\n\n<p>Os benef\u00edcios n\u00e3o ser\u00e3o acumulados. A pessoa receber\u00e1 o que for de maior valor: Bolsa Fam\u00edlia ou aux\u00edlio emergencial. Para ter direito, \u00e9 preciso que o benefici\u00e1rio do Bolsa Fam\u00edlia preencha os requisitos para receber o aux\u00edlio emergencial.<\/p>\n\n\n\n<figure class=\"wp-block-gallery columns-1 is-cropped wp-block-gallery-1 is-layout-flex wp-block-gallery-is-layout-flex\"><ul class=\"blocks-gallery-grid\"><li class=\"blocks-gallery-item\"><figure><img loading=\"lazy\" decoding=\"async\" width=\"716\" height=\"428\" src=\"http:\/\/blogdorogeriogomes.com.br\/wp-content\/uploads\/2020\/06\/images-18-1.jpeg\" alt=\"\" data-id=\"17224\" data-full-url=\"http:\/\/blogdorogeriogomes.com.br\/wp-content\/uploads\/2020\/06\/images-18-1.jpeg\" data-link=\"http:\/\/blogdorogeriogomes.com.br\/?attachment_id=17224\" class=\"wp-image-17224\" srcset=\"https:\/\/blogdorogeriogomes.com.br\/noticias\/wp-content\/uploads\/2020\/06\/images-18-1.jpeg 716w, https:\/\/blogdorogeriogomes.com.br\/noticias\/wp-content\/uploads\/2020\/06\/images-18-1-300x179.jpeg 300w\" sizes=\"auto, (max-width: 716px) 100vw, 716px\" \/><\/figure><\/li><\/ul><\/figure>\n","protected":false},"excerpt":{"rendered":"<p>Come\u00e7a nesta segunda-feira, dia 22 de junho, o saque da 3\u00aa parcela do aux\u00edlio emergencial de R$ 600 aos benefici\u00e1rios do Bolsa Fam\u00edlia que t\u00eam o NIS (N\u00famero de Identifica\u00e7\u00e3o Social) terminado em 4. Quem tem NIS com d\u00edgito final entre 1 e 3 j\u00e1 teve a 3\u00aa parcela liberada e continua podendo sacar o dinheiro. Os benef\u00edcios n\u00e3o ser\u00e3o acumulados. A pessoa receber\u00e1 o que for de maior valor: Bolsa Fam\u00edlia ou aux\u00edlio emergencial. Para ter direito, \u00e9&hellip;<\/p>\n","protected":false},"author":1,"featured_media":17224,"comment_status":"open","ping_status":"open","sticky":false,"template":"","format":"standard","meta":{"footnotes":""},"categories":[1],"tags":[],"class_list":["post-17223","post","type-post","status-publish","format-standard","has-post-thumbnail","hentry","category-noticias"],"_links":{"self":[{"href":"https:\/\/blogdorogeriogomes.com.br\/noticias\/wp-json\/wp\/v2\/posts\/17223","targetHints":{"allow":["GET"]}}],"collection":[{"href":"https:\/\/blogdorogeriogomes.com.br\/noticias\/wp-json\/wp\/v2\/posts"}],"about":[{"href":"https:\/\/blogdorogeriogomes.com.br\/noticias\/wp-json\/wp\/v2\/types\/post"}],"author":[{"embeddable":true,"href":"https:\/\/blogdorogeriogomes.com.br\/noticias\/wp-json\/wp\/v2\/users\/1"}],"replies":[{"embeddable":true,"href":"https:\/\/blogdorogeriogomes.com.br\/noticias\/wp-json\/wp\/v2\/comments?post=17223"}],"version-history":[{"count":1,"href":"https:\/\/blogdorogeriogomes.com.br\/noticias\/wp-json\/wp\/v2\/posts\/17223\/revisions"}],"predecessor-version":[{"id":17225,"href":"https:\/\/blogdorogeriogomes.com.br\/noticias\/wp-json\/wp\/v2\/posts\/17223\/revisions\/17225"}],"wp:featuredmedia":[{"embeddable":true,"href":"https:\/\/blogdorogeriogomes.com.br\/noticias\/wp-json\/wp\/v2\/media\/17224"}],"wp:attachment":[{"href":"https:\/\/blogdorogeriogomes.com.br\/noticias\/wp-json\/wp\/v2\/media?parent=17223"}],"wp:term":[{"taxonomy":"category","embeddable":true,"href":"https:\/\/blogdorogeriogomes.com.br\/noticias\/wp-json\/wp\/v2\/categories?post=17223"},{"taxonomy":"post_tag","embeddable":true,"href":"https:\/\/blogdorogeriogomes.com.br\/noticias\/wp-json\/wp\/v2\/tags?post=17223"}],"curies":[{"name":"wp","href":"https:\/\/api.w.org\/{rel}","templated":true}]}}