{"id":17226,"date":"2020-06-22T11:28:15","date_gmt":"2020-06-22T11:28:15","guid":{"rendered":"http:\/\/blogdorogeriogomes.com.br\/?p=17226"},"modified":"2020-06-23T11:22:22","modified_gmt":"2020-06-23T11:22:22","slug":"flavio-bolsonaro-decide-mudar-de-advogado-wassef-tenta-explicar-presenca-de-queiroz-na-sua-casa-mas-nao-consegue","status":"publish","type":"post","link":"https:\/\/blogdorogeriogomes.com.br\/noticias\/2020\/06\/flavio-bolsonaro-decide-mudar-de-advogado-wassef-tenta-explicar-presenca-de-queiroz-na-sua-casa-mas-nao-consegue\/","title":{"rendered":"Fl\u00e1vio Bolsonaro decide mudar de advogado. Wassef tenta explicar presen\u00e7a de Queiroz na sua casa, mas n\u00e3o consegue"},"content":{"rendered":"\n<p>O senador Fl\u00e1vio Bolsonaro contratou o advogado Rodrigo Roca para substituir o criminalista Frederick Wassef. Amigo do presidente Jair Bolsonaro, Wassef \u00e9 dono do escrit\u00f3rio onde Fabr\u00edcio Queiroz foi preso na manh\u00e3 da \u00faltima quinta-feira, dia 18 de junho, na cidade de Atibaia (SP).<\/p>\n\n\n\n<p>Segundo a Pol\u00edcia, Fabr\u00edcio Queiroz estava hospedado por Wassef havia mais de um ano. O criminalista nega que tenha abrigado o ex-assessor da Fam\u00edlia Bolsonaro ou que tenha tido contato com ele, mas n\u00e3o explica como o ex-assessor de Fl\u00e1vio chegou at\u00e9 o im\u00f3vel.<\/p>\n\n\n\n<p>Segundo interlocutores, Bolsonaro est\u00e1 irritado com o advogado Frederick Wassef, que vive dando entrevistas \u00e0 imprensa e causando mais estragos do que ajudando na administra\u00e7\u00e3o da crise do esc\u00e2ndalo de Fabr\u00edcio Queiroz.<\/p>\n\n\n\n<p>A possibilidade de que os telefones celulares do advogado Frederick Wassef acabem indo parar nas m\u00e3os dos investigadores tem preocupado Jair Bolsonaro e seus aliados.&nbsp;Wassef se gabava de ter um aparelho exclusivo para falar com a fam\u00edlia Bolsonaro e o temor \u00e9 que alguma medida judicial acabe fazendo com que o celular termine indo parar nas m\u00e3os dos investigadores.&nbsp;<\/p>\n\n\n\n<figure class=\"wp-block-gallery columns-1 is-cropped wp-block-gallery-1 is-layout-flex wp-block-gallery-is-layout-flex\"><ul class=\"blocks-gallery-grid\"><li class=\"blocks-gallery-item\"><figure><img loading=\"lazy\" decoding=\"async\" width=\"550\" height=\"350\" src=\"http:\/\/blogdorogeriogomes.com.br\/wp-content\/uploads\/2020\/06\/images-19-1.jpeg\" alt=\"\" data-id=\"17227\" data-full-url=\"http:\/\/blogdorogeriogomes.com.br\/wp-content\/uploads\/2020\/06\/images-19-1.jpeg\" data-link=\"http:\/\/blogdorogeriogomes.com.br\/?attachment_id=17227\" class=\"wp-image-17227\" srcset=\"https:\/\/blogdorogeriogomes.com.br\/noticias\/wp-content\/uploads\/2020\/06\/images-19-1.jpeg 550w, https:\/\/blogdorogeriogomes.com.br\/noticias\/wp-content\/uploads\/2020\/06\/images-19-1-300x191.jpeg 300w\" sizes=\"auto, (max-width: 550px) 100vw, 550px\" \/><\/figure><\/li><\/ul><\/figure>\n","protected":false},"excerpt":{"rendered":"<p>O senador Fl\u00e1vio Bolsonaro contratou o advogado Rodrigo Roca para substituir o criminalista Frederick Wassef. Amigo do presidente Jair Bolsonaro, Wassef \u00e9 dono do escrit\u00f3rio onde Fabr\u00edcio Queiroz foi preso na manh\u00e3 da \u00faltima quinta-feira, dia 18 de junho, na cidade de Atibaia (SP). Segundo a Pol\u00edcia, Fabr\u00edcio Queiroz estava hospedado por Wassef havia mais de um ano. O criminalista nega que tenha abrigado o ex-assessor da Fam\u00edlia Bolsonaro ou que tenha tido contato com ele, mas n\u00e3o explica&hellip;<\/p>\n","protected":false},"author":1,"featured_media":17227,"comment_status":"open","ping_status":"open","sticky":false,"template":"","format":"standard","meta":{"footnotes":""},"categories":[1],"tags":[],"class_list":["post-17226","post","type-post","status-publish","format-standard","has-post-thumbnail","hentry","category-noticias"],"_links":{"self":[{"href":"https:\/\/blogdorogeriogomes.com.br\/noticias\/wp-json\/wp\/v2\/posts\/17226","targetHints":{"allow":["GET"]}}],"collection":[{"href":"https:\/\/blogdorogeriogomes.com.br\/noticias\/wp-json\/wp\/v2\/posts"}],"about":[{"href":"https:\/\/blogdorogeriogomes.com.br\/noticias\/wp-json\/wp\/v2\/types\/post"}],"author":[{"embeddable":true,"href":"https:\/\/blogdorogeriogomes.com.br\/noticias\/wp-json\/wp\/v2\/users\/1"}],"replies":[{"embeddable":true,"href":"https:\/\/blogdorogeriogomes.com.br\/noticias\/wp-json\/wp\/v2\/comments?post=17226"}],"version-history":[{"count":2,"href":"https:\/\/blogdorogeriogomes.com.br\/noticias\/wp-json\/wp\/v2\/posts\/17226\/revisions"}],"predecessor-version":[{"id":17229,"href":"https:\/\/blogdorogeriogomes.com.br\/noticias\/wp-json\/wp\/v2\/posts\/17226\/revisions\/17229"}],"wp:featuredmedia":[{"embeddable":true,"href":"https:\/\/blogdorogeriogomes.com.br\/noticias\/wp-json\/wp\/v2\/media\/17227"}],"wp:attachment":[{"href":"https:\/\/blogdorogeriogomes.com.br\/noticias\/wp-json\/wp\/v2\/media?parent=17226"}],"wp:term":[{"taxonomy":"category","embeddable":true,"href":"https:\/\/blogdorogeriogomes.com.br\/noticias\/wp-json\/wp\/v2\/categories?post=17226"},{"taxonomy":"post_tag","embeddable":true,"href":"https:\/\/blogdorogeriogomes.com.br\/noticias\/wp-json\/wp\/v2\/tags?post=17226"}],"curies":[{"name":"wp","href":"https:\/\/api.w.org\/{rel}","templated":true}]}}