{"id":17231,"date":"2020-06-22T16:47:24","date_gmt":"2020-06-22T16:47:24","guid":{"rendered":"http:\/\/blogdorogeriogomes.com.br\/?p=17231"},"modified":"2020-06-23T11:22:17","modified_gmt":"2020-06-23T11:22:17","slug":"jair-bolsonaro-acompanha-a-chegada-das-aguas-do-rio-sao-francisco-ao-ceara-na-proxima-sexta-feira","status":"publish","type":"post","link":"https:\/\/blogdorogeriogomes.com.br\/noticias\/2020\/06\/jair-bolsonaro-acompanha-a-chegada-das-aguas-do-rio-sao-francisco-ao-ceara-na-proxima-sexta-feira\/","title":{"rendered":"Jair Bolsonaro acompanha a chegada das \u00e1guas do rio S\u00e3o Francisco ao Cear\u00e1 na pr\u00f3xima sexta-feira"},"content":{"rendered":"\n<p>Ap\u00f3s sofrer um adiamento na semana passada, est\u00e1 confirmada a vinda do presidente Jair Bolsonaro ao Cear\u00e1, na pr\u00f3xima sexta-feira, dia 26 de junho. Mas ele n\u00e3o passar\u00e1 por Fortaleza. Bolsonaro vir\u00e1 diretamente ao munic\u00edpio de Penaforte, na Regi\u00e3o do Cariri, para acompanhar a chegada das \u00e1guas do Rio S\u00e3o Francisco ao Cear\u00e1. Est\u00e1 previsto ainda um sobrevoo na \u00e1rea das obras da Transnordestina.<\/p>\n\n\n\n<p>Um dia antes (quinta-feira, dia 25), o ministro do Desenvolvimento Regional, Rog\u00e9rio Marinho, estar\u00e1 em Fortaleza, onde ter\u00e1 um encontro com o governador do Cear\u00e1, Camilo Santana. Est\u00e1 programada uma reuni\u00e3o virtual com a participa\u00e7\u00e3o tamb\u00e9m dos governadores de Pernambuco, Para\u00edba e Rio Grande do Norte.<\/p>\n\n\n\n<p>Na Capital, Rog\u00e9rio Marinho tamb\u00e9m far\u00e1 uma visita a uma obra do conjunto habitacional Vila do Mar, acompanhado do Prefeito de Fortaleza, Roberto Cl\u00e1udio. Ele participa ainda de uma assinatura de termo para retomada de obra do Residencial Cidade Jardim, no bairro Pirambu. No dia seguinte, o ministro se junta \u00e0 comitiva presidencial em Penaforte.<\/p>\n\n\n\n<figure class=\"wp-block-gallery columns-1 is-cropped wp-block-gallery-1 is-layout-flex wp-block-gallery-is-layout-flex\"><ul class=\"blocks-gallery-grid\"><li class=\"blocks-gallery-item\"><figure><img loading=\"lazy\" decoding=\"async\" width=\"678\" height=\"452\" src=\"http:\/\/blogdorogeriogomes.com.br\/wp-content\/uploads\/2020\/06\/images-12.jpeg\" alt=\"\" data-id=\"17232\" data-full-url=\"http:\/\/blogdorogeriogomes.com.br\/wp-content\/uploads\/2020\/06\/images-12.jpeg\" data-link=\"http:\/\/blogdorogeriogomes.com.br\/?attachment_id=17232\" class=\"wp-image-17232\" srcset=\"https:\/\/blogdorogeriogomes.com.br\/noticias\/wp-content\/uploads\/2020\/06\/images-12.jpeg 678w, https:\/\/blogdorogeriogomes.com.br\/noticias\/wp-content\/uploads\/2020\/06\/images-12-300x200.jpeg 300w\" sizes=\"auto, (max-width: 678px) 100vw, 678px\" \/><\/figure><\/li><\/ul><\/figure>\n\n\n\n<p><\/p>\n\n\n\n<p><\/p>\n","protected":false},"excerpt":{"rendered":"<p>Ap\u00f3s sofrer um adiamento na semana passada, est\u00e1 confirmada a vinda do presidente Jair Bolsonaro ao Cear\u00e1, na pr\u00f3xima sexta-feira, dia 26 de junho. Mas ele n\u00e3o passar\u00e1 por Fortaleza. Bolsonaro vir\u00e1 diretamente ao munic\u00edpio de Penaforte, na Regi\u00e3o do Cariri, para acompanhar a chegada das \u00e1guas do Rio S\u00e3o Francisco ao Cear\u00e1. Est\u00e1 previsto ainda um sobrevoo na \u00e1rea das obras da Transnordestina. Um dia antes (quinta-feira, dia 25), o ministro do Desenvolvimento Regional, Rog\u00e9rio Marinho, estar\u00e1 em&hellip;<\/p>\n","protected":false},"author":1,"featured_media":17232,"comment_status":"open","ping_status":"open","sticky":false,"template":"","format":"standard","meta":{"footnotes":""},"categories":[1],"tags":[],"class_list":["post-17231","post","type-post","status-publish","format-standard","has-post-thumbnail","hentry","category-noticias"],"_links":{"self":[{"href":"https:\/\/blogdorogeriogomes.com.br\/noticias\/wp-json\/wp\/v2\/posts\/17231","targetHints":{"allow":["GET"]}}],"collection":[{"href":"https:\/\/blogdorogeriogomes.com.br\/noticias\/wp-json\/wp\/v2\/posts"}],"about":[{"href":"https:\/\/blogdorogeriogomes.com.br\/noticias\/wp-json\/wp\/v2\/types\/post"}],"author":[{"embeddable":true,"href":"https:\/\/blogdorogeriogomes.com.br\/noticias\/wp-json\/wp\/v2\/users\/1"}],"replies":[{"embeddable":true,"href":"https:\/\/blogdorogeriogomes.com.br\/noticias\/wp-json\/wp\/v2\/comments?post=17231"}],"version-history":[{"count":1,"href":"https:\/\/blogdorogeriogomes.com.br\/noticias\/wp-json\/wp\/v2\/posts\/17231\/revisions"}],"predecessor-version":[{"id":17233,"href":"https:\/\/blogdorogeriogomes.com.br\/noticias\/wp-json\/wp\/v2\/posts\/17231\/revisions\/17233"}],"wp:featuredmedia":[{"embeddable":true,"href":"https:\/\/blogdorogeriogomes.com.br\/noticias\/wp-json\/wp\/v2\/media\/17232"}],"wp:attachment":[{"href":"https:\/\/blogdorogeriogomes.com.br\/noticias\/wp-json\/wp\/v2\/media?parent=17231"}],"wp:term":[{"taxonomy":"category","embeddable":true,"href":"https:\/\/blogdorogeriogomes.com.br\/noticias\/wp-json\/wp\/v2\/categories?post=17231"},{"taxonomy":"post_tag","embeddable":true,"href":"https:\/\/blogdorogeriogomes.com.br\/noticias\/wp-json\/wp\/v2\/tags?post=17231"}],"curies":[{"name":"wp","href":"https:\/\/api.w.org\/{rel}","templated":true}]}}