{"id":17234,"date":"2020-06-22T20:57:49","date_gmt":"2020-06-22T20:57:49","guid":{"rendered":"http:\/\/blogdorogeriogomes.com.br\/?p=17234"},"modified":"2020-06-23T11:22:06","modified_gmt":"2020-06-23T11:22:06","slug":"governo-do-estado-vai-analisar-proposta-de-retorno-dos-jogos-do-cearense-2020-no-inicio-de-julho-mas-sem-publico","status":"publish","type":"post","link":"https:\/\/blogdorogeriogomes.com.br\/noticias\/2020\/06\/governo-do-estado-vai-analisar-proposta-de-retorno-dos-jogos-do-cearense-2020-no-inicio-de-julho-mas-sem-publico\/","title":{"rendered":"Governo do Estado vai analisar proposta de retorno dos jogos do Cearense 2020 no in\u00edcio de julho, mas sem p\u00fablico"},"content":{"rendered":"\n<p>Como o munic\u00edpio de Fortaleza entrou na Fase 2 do plano de retomada de atividades econ\u00f4micas, os times cearenses vivem a expectativa de retorno do Campeonato Estadual 2020. De acordo com o secret\u00e1rio do Esporte e da Juventude, Rog\u00e9rio Pinheiro, h\u00e1 uma possibilidade da volta do futebol no Cear\u00e1 acontecer no in\u00edcio da Fase 3, prevista para 6 de julho, mas sem a presen\u00e7a de torcedores nos est\u00e1dios.<\/p>\n\n\n\n<p>O protocolo, no entanto, ainda vai passar pela an\u00e1lise do governador Camilo Santana. At\u00e9 porque, a volta dos jogos de futebol no Cear\u00e1 s\u00f3 estava previsto no plano de retomada econ\u00f4mica para a Fase 4, programada para o dia 20 de julho.<\/p>\n\n\n\n<p>Os elencos de Cear\u00e1 e Fortaleza j\u00e1 retornaram aos treinamentos, inclusive, com a testagem de todos os jogadores e comiss\u00e3o t\u00e9cnica. Outras equipes que disputam o Cearense 2020 tamb\u00e9m se preparam para retornar \u00e0s atividades, mas tamb\u00e9m seguindo todo o protocolo de realizar exames nos seus elencos e funcion\u00e1rios.<br><\/p>\n\n\n\n<figure class=\"wp-block-gallery columns-1 is-cropped wp-block-gallery-1 is-layout-flex wp-block-gallery-is-layout-flex\"><ul class=\"blocks-gallery-grid\"><li class=\"blocks-gallery-item\"><figure><img loading=\"lazy\" decoding=\"async\" width=\"640\" height=\"480\" src=\"http:\/\/blogdorogeriogomes.com.br\/wp-content\/uploads\/2020\/06\/images-2-4.jpeg\" alt=\"\" data-id=\"17235\" data-full-url=\"http:\/\/blogdorogeriogomes.com.br\/wp-content\/uploads\/2020\/06\/images-2-4.jpeg\" data-link=\"http:\/\/blogdorogeriogomes.com.br\/?attachment_id=17235\" class=\"wp-image-17235\" srcset=\"https:\/\/blogdorogeriogomes.com.br\/noticias\/wp-content\/uploads\/2020\/06\/images-2-4.jpeg 640w, https:\/\/blogdorogeriogomes.com.br\/noticias\/wp-content\/uploads\/2020\/06\/images-2-4-300x225.jpeg 300w, https:\/\/blogdorogeriogomes.com.br\/noticias\/wp-content\/uploads\/2020\/06\/images-2-4-400x300.jpeg 400w\" sizes=\"auto, (max-width: 640px) 100vw, 640px\" \/><\/figure><\/li><\/ul><\/figure>\n","protected":false},"excerpt":{"rendered":"<p>Como o munic\u00edpio de Fortaleza entrou na Fase 2 do plano de retomada de atividades econ\u00f4micas, os times cearenses vivem a expectativa de retorno do Campeonato Estadual 2020. De acordo com o secret\u00e1rio do Esporte e da Juventude, Rog\u00e9rio Pinheiro, h\u00e1 uma possibilidade da volta do futebol no Cear\u00e1 acontecer no in\u00edcio da Fase 3, prevista para 6 de julho, mas sem a presen\u00e7a de torcedores nos est\u00e1dios. O protocolo, no entanto, ainda vai passar pela an\u00e1lise do governador&hellip;<\/p>\n","protected":false},"author":1,"featured_media":17235,"comment_status":"open","ping_status":"open","sticky":false,"template":"","format":"standard","meta":{"footnotes":""},"categories":[1],"tags":[],"class_list":["post-17234","post","type-post","status-publish","format-standard","has-post-thumbnail","hentry","category-noticias"],"_links":{"self":[{"href":"https:\/\/blogdorogeriogomes.com.br\/noticias\/wp-json\/wp\/v2\/posts\/17234","targetHints":{"allow":["GET"]}}],"collection":[{"href":"https:\/\/blogdorogeriogomes.com.br\/noticias\/wp-json\/wp\/v2\/posts"}],"about":[{"href":"https:\/\/blogdorogeriogomes.com.br\/noticias\/wp-json\/wp\/v2\/types\/post"}],"author":[{"embeddable":true,"href":"https:\/\/blogdorogeriogomes.com.br\/noticias\/wp-json\/wp\/v2\/users\/1"}],"replies":[{"embeddable":true,"href":"https:\/\/blogdorogeriogomes.com.br\/noticias\/wp-json\/wp\/v2\/comments?post=17234"}],"version-history":[{"count":1,"href":"https:\/\/blogdorogeriogomes.com.br\/noticias\/wp-json\/wp\/v2\/posts\/17234\/revisions"}],"predecessor-version":[{"id":17236,"href":"https:\/\/blogdorogeriogomes.com.br\/noticias\/wp-json\/wp\/v2\/posts\/17234\/revisions\/17236"}],"wp:featuredmedia":[{"embeddable":true,"href":"https:\/\/blogdorogeriogomes.com.br\/noticias\/wp-json\/wp\/v2\/media\/17235"}],"wp:attachment":[{"href":"https:\/\/blogdorogeriogomes.com.br\/noticias\/wp-json\/wp\/v2\/media?parent=17234"}],"wp:term":[{"taxonomy":"category","embeddable":true,"href":"https:\/\/blogdorogeriogomes.com.br\/noticias\/wp-json\/wp\/v2\/categories?post=17234"},{"taxonomy":"post_tag","embeddable":true,"href":"https:\/\/blogdorogeriogomes.com.br\/noticias\/wp-json\/wp\/v2\/tags?post=17234"}],"curies":[{"name":"wp","href":"https:\/\/api.w.org\/{rel}","templated":true}]}}