{"id":17240,"date":"2020-06-23T10:46:09","date_gmt":"2020-06-23T10:46:09","guid":{"rendered":"http:\/\/blogdorogeriogomes.com.br\/?p=17240"},"modified":"2020-06-23T11:21:42","modified_gmt":"2020-06-23T11:21:42","slug":"com-reducao-na-capital-casos-da-covid-19-migram-para-o-interior-do-ceara-cariri-e-zona-norte-preocupam","status":"publish","type":"post","link":"https:\/\/blogdorogeriogomes.com.br\/noticias\/2020\/06\/com-reducao-na-capital-casos-da-covid-19-migram-para-o-interior-do-ceara-cariri-e-zona-norte-preocupam\/","title":{"rendered":"Com redu\u00e7\u00e3o na Capital, casos da Covid-19 migram para o interior do Cear\u00e1. Cariri e Zona Norte preocupam"},"content":{"rendered":"\n<p>A diminui\u00e7\u00e3o dos casos e mortes por Covid-19 \u00e9 uma realidade em Fortaleza. As unidades de sa\u00fade mostram diminui\u00e7\u00e3o no n\u00famero de atendimentos, inclusive, com queda nos internamentos. No \u00faltimo domingo, dia 21 de junho, Fortaleza s\u00f3 teve uma morte por coronav\u00edrus. A Capital representa agora apenas 35% dos casos no Estado. No entanto, as regi\u00f5es Norte, Centro-Sul e Cariri registram aumento de pacientes e os sistemas de sa\u00fade nessas regi\u00f5es est\u00e3o sobrecarregados.<\/p>\n\n\n\n<p>O Cear\u00e1 tem 94.708 casos confirmados da doen\u00e7a com 5.618 mortes. 16 pessoas morreram no Estado nas \u00faltimas 24 horas e 71 mil pacientes j\u00e1 se recuperaram da Covid-19. Os munic\u00edpios que apresentaram aumento de casos nos \u00faltimos dias s\u00e3o Iguatu, Juazeiro do Norte, Barroquinha, Baturit\u00e9 e Quixad\u00e1.<\/p>\n\n\n\n<figure class=\"wp-block-gallery columns-1 is-cropped wp-block-gallery-1 is-layout-flex wp-block-gallery-is-layout-flex\"><ul class=\"blocks-gallery-grid\"><li class=\"blocks-gallery-item\"><figure><img loading=\"lazy\" decoding=\"async\" width=\"739\" height=\"415\" src=\"http:\/\/blogdorogeriogomes.com.br\/wp-content\/uploads\/2020\/06\/images-5-3.jpeg\" alt=\"\" data-id=\"17241\" data-full-url=\"http:\/\/blogdorogeriogomes.com.br\/wp-content\/uploads\/2020\/06\/images-5-3.jpeg\" data-link=\"http:\/\/blogdorogeriogomes.com.br\/?attachment_id=17241\" class=\"wp-image-17241\" srcset=\"https:\/\/blogdorogeriogomes.com.br\/noticias\/wp-content\/uploads\/2020\/06\/images-5-3.jpeg 739w, https:\/\/blogdorogeriogomes.com.br\/noticias\/wp-content\/uploads\/2020\/06\/images-5-3-300x168.jpeg 300w\" sizes=\"auto, (max-width: 739px) 100vw, 739px\" \/><\/figure><\/li><\/ul><\/figure>\n\n\n\n<p>Em Fortaleza, com a redu\u00e7\u00e3o da gravidade da pandemia, a Prefeitura come\u00e7ou a redirecionar leitos da rede municipal que foram transformados especificamente para pacientes com coronav\u00edrus para a assist\u00eancia cl\u00ednica e cir\u00fargica de outras demandas.<\/p>\n","protected":false},"excerpt":{"rendered":"<p>A diminui\u00e7\u00e3o dos casos e mortes por Covid-19 \u00e9 uma realidade em Fortaleza. As unidades de sa\u00fade mostram diminui\u00e7\u00e3o no n\u00famero de atendimentos, inclusive, com queda nos internamentos. No \u00faltimo domingo, dia 21 de junho, Fortaleza s\u00f3 teve uma morte por coronav\u00edrus. A Capital representa agora apenas 35% dos casos no Estado. No entanto, as regi\u00f5es Norte, Centro-Sul e Cariri registram aumento de pacientes e os sistemas de sa\u00fade nessas regi\u00f5es est\u00e3o sobrecarregados. O Cear\u00e1 tem 94.708 casos confirmados&hellip;<\/p>\n","protected":false},"author":1,"featured_media":17241,"comment_status":"open","ping_status":"open","sticky":false,"template":"","format":"standard","meta":{"footnotes":""},"categories":[1],"tags":[],"class_list":["post-17240","post","type-post","status-publish","format-standard","has-post-thumbnail","hentry","category-noticias"],"_links":{"self":[{"href":"https:\/\/blogdorogeriogomes.com.br\/noticias\/wp-json\/wp\/v2\/posts\/17240","targetHints":{"allow":["GET"]}}],"collection":[{"href":"https:\/\/blogdorogeriogomes.com.br\/noticias\/wp-json\/wp\/v2\/posts"}],"about":[{"href":"https:\/\/blogdorogeriogomes.com.br\/noticias\/wp-json\/wp\/v2\/types\/post"}],"author":[{"embeddable":true,"href":"https:\/\/blogdorogeriogomes.com.br\/noticias\/wp-json\/wp\/v2\/users\/1"}],"replies":[{"embeddable":true,"href":"https:\/\/blogdorogeriogomes.com.br\/noticias\/wp-json\/wp\/v2\/comments?post=17240"}],"version-history":[{"count":1,"href":"https:\/\/blogdorogeriogomes.com.br\/noticias\/wp-json\/wp\/v2\/posts\/17240\/revisions"}],"predecessor-version":[{"id":17242,"href":"https:\/\/blogdorogeriogomes.com.br\/noticias\/wp-json\/wp\/v2\/posts\/17240\/revisions\/17242"}],"wp:featuredmedia":[{"embeddable":true,"href":"https:\/\/blogdorogeriogomes.com.br\/noticias\/wp-json\/wp\/v2\/media\/17241"}],"wp:attachment":[{"href":"https:\/\/blogdorogeriogomes.com.br\/noticias\/wp-json\/wp\/v2\/media?parent=17240"}],"wp:term":[{"taxonomy":"category","embeddable":true,"href":"https:\/\/blogdorogeriogomes.com.br\/noticias\/wp-json\/wp\/v2\/categories?post=17240"},{"taxonomy":"post_tag","embeddable":true,"href":"https:\/\/blogdorogeriogomes.com.br\/noticias\/wp-json\/wp\/v2\/tags?post=17240"}],"curies":[{"name":"wp","href":"https:\/\/api.w.org\/{rel}","templated":true}]}}