{"id":17243,"date":"2020-06-23T11:08:44","date_gmt":"2020-06-23T11:08:44","guid":{"rendered":"http:\/\/blogdorogeriogomes.com.br\/?p=17243"},"modified":"2020-06-23T11:21:32","modified_gmt":"2020-06-23T11:21:32","slug":"weintraub-conseguiu-ir-para-os-eua-mas-ainda-tem-sua-nomeacao-para-cargo-de-diretor-do-banco-mundial-ameacada","status":"publish","type":"post","link":"https:\/\/blogdorogeriogomes.com.br\/noticias\/2020\/06\/weintraub-conseguiu-ir-para-os-eua-mas-ainda-tem-sua-nomeacao-para-cargo-de-diretor-do-banco-mundial-ameacada\/","title":{"rendered":"Weintraub conseguiu ir para os EUA, mas ainda tem sua nomea\u00e7\u00e3o para cargo de diretor do Banco Mundial amea\u00e7ada"},"content":{"rendered":"\n<p>O ex-ministro da Educa\u00e7\u00e3o Abraham Weintraub teve \u00eaxito na sua ida para os Estados Unidos, inclusive, com o uso de passaporte diplom\u00e1tico para entrar no Pa\u00eds. Em tempos de pandemia, brasileiros est\u00e3o impedidos de entrar nos EUA. Mas Weintraub est\u00e1 amea\u00e7ado de ser vetado para a indica\u00e7\u00e3o de diretor-executivo do Banco Mundial. Paulo Guedes, ministro da Economia, j\u00e1 detectou que h\u00e1 resist\u00eancia na organiza\u00e7\u00e3o multilateral ao nome de Weintraub e sinalizou que n\u00e3o far\u00e1 esfor\u00e7os para eleg\u00ea-lo.&nbsp;<\/p>\n\n\n\n<p>O Ministro da Economia j\u00e1 disse a interlocutores que, em caso de impossibilidade de emplacar o nome de Weintraub, o governo brasileiro apresentar\u00e1 nova sugest\u00e3o.&nbsp;Abraham Weintraub ter\u00e1 de esperar pelo menos um m\u00eas pela an\u00e1lise do seu nome para diretor do Banco Mundial.<\/p>\n\n\n\n<p>Para completar, o Minist\u00e9rio da Educa\u00e7\u00e3o tornou sem efeito a revoga\u00e7\u00e3o da portaria que estipula a reserva de vagas para negros, ind\u00edgenas e pessoas com defici\u00eancia em programas de p\u00f3s-gradua\u00e7\u00e3o de institui\u00e7\u00f5es federais de ensino superior. A extin\u00e7\u00e3o havia sido determinada pelo ent\u00e3o ministro da Educa\u00e7\u00e3o, Abraham Weintraub, na \u00faltima quinta-feira, dia 18 de junho, no seu \u00faltimo ato \u00e0 frente da pasta.<\/p>\n\n\n\n<figure class=\"wp-block-gallery columns-1 is-cropped wp-block-gallery-1 is-layout-flex wp-block-gallery-is-layout-flex\"><ul class=\"blocks-gallery-grid\"><li class=\"blocks-gallery-item\"><figure><img loading=\"lazy\" decoding=\"async\" width=\"780\" height=\"490\" src=\"http:\/\/blogdorogeriogomes.com.br\/wp-content\/uploads\/2020\/06\/guedes-e-weintraub.jpg\" alt=\"\" data-id=\"17244\" data-full-url=\"http:\/\/blogdorogeriogomes.com.br\/wp-content\/uploads\/2020\/06\/guedes-e-weintraub.jpg\" data-link=\"http:\/\/blogdorogeriogomes.com.br\/?attachment_id=17244\" class=\"wp-image-17244\" srcset=\"https:\/\/blogdorogeriogomes.com.br\/noticias\/wp-content\/uploads\/2020\/06\/guedes-e-weintraub.jpg 780w, https:\/\/blogdorogeriogomes.com.br\/noticias\/wp-content\/uploads\/2020\/06\/guedes-e-weintraub-300x188.jpg 300w, https:\/\/blogdorogeriogomes.com.br\/noticias\/wp-content\/uploads\/2020\/06\/guedes-e-weintraub-768x482.jpg 768w, https:\/\/blogdorogeriogomes.com.br\/noticias\/wp-content\/uploads\/2020\/06\/guedes-e-weintraub-320x202.jpg 320w, https:\/\/blogdorogeriogomes.com.br\/noticias\/wp-content\/uploads\/2020\/06\/guedes-e-weintraub-700x441.jpg 700w\" sizes=\"auto, (max-width: 780px) 100vw, 780px\" \/><\/figure><\/li><\/ul><\/figure>\n\n\n\n<p><\/p>\n","protected":false},"excerpt":{"rendered":"<p>O ex-ministro da Educa\u00e7\u00e3o Abraham Weintraub teve \u00eaxito na sua ida para os Estados Unidos, inclusive, com o uso de passaporte diplom\u00e1tico para entrar no Pa\u00eds. Em tempos de pandemia, brasileiros est\u00e3o impedidos de entrar nos EUA. Mas Weintraub est\u00e1 amea\u00e7ado de ser vetado para a indica\u00e7\u00e3o de diretor-executivo do Banco Mundial. Paulo Guedes, ministro da Economia, j\u00e1 detectou que h\u00e1 resist\u00eancia na organiza\u00e7\u00e3o multilateral ao nome de Weintraub e sinalizou que n\u00e3o far\u00e1 esfor\u00e7os para eleg\u00ea-lo.&nbsp; O Ministro&hellip;<\/p>\n","protected":false},"author":1,"featured_media":17244,"comment_status":"open","ping_status":"open","sticky":false,"template":"","format":"standard","meta":{"footnotes":""},"categories":[1],"tags":[],"class_list":["post-17243","post","type-post","status-publish","format-standard","has-post-thumbnail","hentry","category-noticias"],"_links":{"self":[{"href":"https:\/\/blogdorogeriogomes.com.br\/noticias\/wp-json\/wp\/v2\/posts\/17243","targetHints":{"allow":["GET"]}}],"collection":[{"href":"https:\/\/blogdorogeriogomes.com.br\/noticias\/wp-json\/wp\/v2\/posts"}],"about":[{"href":"https:\/\/blogdorogeriogomes.com.br\/noticias\/wp-json\/wp\/v2\/types\/post"}],"author":[{"embeddable":true,"href":"https:\/\/blogdorogeriogomes.com.br\/noticias\/wp-json\/wp\/v2\/users\/1"}],"replies":[{"embeddable":true,"href":"https:\/\/blogdorogeriogomes.com.br\/noticias\/wp-json\/wp\/v2\/comments?post=17243"}],"version-history":[{"count":2,"href":"https:\/\/blogdorogeriogomes.com.br\/noticias\/wp-json\/wp\/v2\/posts\/17243\/revisions"}],"predecessor-version":[{"id":17246,"href":"https:\/\/blogdorogeriogomes.com.br\/noticias\/wp-json\/wp\/v2\/posts\/17243\/revisions\/17246"}],"wp:featuredmedia":[{"embeddable":true,"href":"https:\/\/blogdorogeriogomes.com.br\/noticias\/wp-json\/wp\/v2\/media\/17244"}],"wp:attachment":[{"href":"https:\/\/blogdorogeriogomes.com.br\/noticias\/wp-json\/wp\/v2\/media?parent=17243"}],"wp:term":[{"taxonomy":"category","embeddable":true,"href":"https:\/\/blogdorogeriogomes.com.br\/noticias\/wp-json\/wp\/v2\/categories?post=17243"},{"taxonomy":"post_tag","embeddable":true,"href":"https:\/\/blogdorogeriogomes.com.br\/noticias\/wp-json\/wp\/v2\/tags?post=17243"}],"curies":[{"name":"wp","href":"https:\/\/api.w.org\/{rel}","templated":true}]}}