{"id":17249,"date":"2020-06-23T20:36:24","date_gmt":"2020-06-23T20:36:24","guid":{"rendered":"http:\/\/blogdorogeriogomes.com.br\/?p=17249"},"modified":"2020-06-24T10:45:46","modified_gmt":"2020-06-24T10:45:46","slug":"rodrigo-maia-defende-que-auxilio-emergencial-seja-prorrogado-no-valor-de-r-600-reais","status":"publish","type":"post","link":"https:\/\/blogdorogeriogomes.com.br\/noticias\/2020\/06\/rodrigo-maia-defende-que-auxilio-emergencial-seja-prorrogado-no-valor-de-r-600-reais\/","title":{"rendered":"Rodrigo Maia defende que aux\u00edlio emergencial seja prorrogado no valor de R$ 600 reais"},"content":{"rendered":"\n<p>O movimento Renda B\u00e1sica que Queremos, que re\u00fane 163 organiza\u00e7\u00f5es da sociedade civil, lan\u00e7ou uma campanha para pressionar senadores e deputados a prorrogarem o aux\u00edlio emergencial de R$ 600 at\u00e9 dezembro deste ano, quando termina o estado de calamidade p\u00fablica decretado durante a pandemia da Covid-19.<br>A prorroga\u00e7\u00e3o tem o apoio do presidente da C\u00e2mara dos Deputados, Rodrigo Maia. &#8220;O Governo Federal n\u00e3o pode esperar mais para prorrogar o aux\u00edlio. A ajuda \u00e9 urgente e \u00e9 agora&#8221;, cobrou Maia, que enfatizou que a sua posi\u00e7\u00e3o \u00e9 acompanhada pela maioria dos deputados. O deputado carioca defendeu, no entanto, a prorroga\u00e7\u00e3o por mais dois ou tr\u00eas meses no valor de R$ 600, ao contr\u00e1rio de Paulo Guedes que quer reduzir o valor \u00e0 metade das pr\u00f3ximas parcelas. A despesa mensal do aux\u00edlio est\u00e1 em R$ 51,5 bilh\u00f5es.&nbsp;<\/p>\n\n\n\n<p>O prolongamento do aux\u00edlio emergencial passa por negocia\u00e7\u00f5es no Congresso Nacional. A proposta do ministro da Economia, Paulo Guedes, de conceder mais duas parcelas de R$ 300 foi considerada insuficiente por parlamentares por causa do avan\u00e7o da contamina\u00e7\u00e3o da doen\u00e7a pelo Pa\u00eds, inclusive no interior.&nbsp;O presidente Jair Bolsonaro tamb\u00e9m resiste a ideia de manter o valor da prorroga\u00e7\u00e3o do aux\u00edlio em R$ 600.<\/p>\n\n\n\n<figure class=\"wp-block-gallery columns-1 is-cropped wp-block-gallery-1 is-layout-flex wp-block-gallery-is-layout-flex\"><ul class=\"blocks-gallery-grid\"><li class=\"blocks-gallery-item\"><figure><img loading=\"lazy\" decoding=\"async\" width=\"652\" height=\"408\" src=\"http:\/\/blogdorogeriogomes.com.br\/wp-content\/uploads\/2020\/06\/images-6-2.jpeg\" alt=\"\" data-id=\"17250\" data-full-url=\"http:\/\/blogdorogeriogomes.com.br\/wp-content\/uploads\/2020\/06\/images-6-2.jpeg\" data-link=\"http:\/\/blogdorogeriogomes.com.br\/?attachment_id=17250\" class=\"wp-image-17250\" srcset=\"https:\/\/blogdorogeriogomes.com.br\/noticias\/wp-content\/uploads\/2020\/06\/images-6-2.jpeg 652w, https:\/\/blogdorogeriogomes.com.br\/noticias\/wp-content\/uploads\/2020\/06\/images-6-2-300x188.jpeg 300w\" sizes=\"auto, (max-width: 652px) 100vw, 652px\" \/><\/figure><\/li><\/ul><\/figure>\n","protected":false},"excerpt":{"rendered":"<p>O movimento Renda B\u00e1sica que Queremos, que re\u00fane 163 organiza\u00e7\u00f5es da sociedade civil, lan\u00e7ou uma campanha para pressionar senadores e deputados a prorrogarem o aux\u00edlio emergencial de R$ 600 at\u00e9 dezembro deste ano, quando termina o estado de calamidade p\u00fablica decretado durante a pandemia da Covid-19.A prorroga\u00e7\u00e3o tem o apoio do presidente da C\u00e2mara dos Deputados, Rodrigo Maia. &#8220;O Governo Federal n\u00e3o pode esperar mais para prorrogar o aux\u00edlio. A ajuda \u00e9 urgente e \u00e9 agora&#8221;, cobrou Maia, que&hellip;<\/p>\n","protected":false},"author":1,"featured_media":17250,"comment_status":"open","ping_status":"open","sticky":false,"template":"","format":"standard","meta":{"footnotes":""},"categories":[1],"tags":[],"class_list":["post-17249","post","type-post","status-publish","format-standard","has-post-thumbnail","hentry","category-noticias"],"_links":{"self":[{"href":"https:\/\/blogdorogeriogomes.com.br\/noticias\/wp-json\/wp\/v2\/posts\/17249","targetHints":{"allow":["GET"]}}],"collection":[{"href":"https:\/\/blogdorogeriogomes.com.br\/noticias\/wp-json\/wp\/v2\/posts"}],"about":[{"href":"https:\/\/blogdorogeriogomes.com.br\/noticias\/wp-json\/wp\/v2\/types\/post"}],"author":[{"embeddable":true,"href":"https:\/\/blogdorogeriogomes.com.br\/noticias\/wp-json\/wp\/v2\/users\/1"}],"replies":[{"embeddable":true,"href":"https:\/\/blogdorogeriogomes.com.br\/noticias\/wp-json\/wp\/v2\/comments?post=17249"}],"version-history":[{"count":2,"href":"https:\/\/blogdorogeriogomes.com.br\/noticias\/wp-json\/wp\/v2\/posts\/17249\/revisions"}],"predecessor-version":[{"id":17259,"href":"https:\/\/blogdorogeriogomes.com.br\/noticias\/wp-json\/wp\/v2\/posts\/17249\/revisions\/17259"}],"wp:featuredmedia":[{"embeddable":true,"href":"https:\/\/blogdorogeriogomes.com.br\/noticias\/wp-json\/wp\/v2\/media\/17250"}],"wp:attachment":[{"href":"https:\/\/blogdorogeriogomes.com.br\/noticias\/wp-json\/wp\/v2\/media?parent=17249"}],"wp:term":[{"taxonomy":"category","embeddable":true,"href":"https:\/\/blogdorogeriogomes.com.br\/noticias\/wp-json\/wp\/v2\/categories?post=17249"},{"taxonomy":"post_tag","embeddable":true,"href":"https:\/\/blogdorogeriogomes.com.br\/noticias\/wp-json\/wp\/v2\/tags?post=17249"}],"curies":[{"name":"wp","href":"https:\/\/api.w.org\/{rel}","templated":true}]}}