{"id":17252,"date":"2020-06-23T23:15:49","date_gmt":"2020-06-23T23:15:49","guid":{"rendered":"http:\/\/blogdorogeriogomes.com.br\/?p=17252"},"modified":"2020-06-24T10:45:27","modified_gmt":"2020-06-24T10:45:27","slug":"pf-pede-ao-ministro-do-stf-celso-de-mello-para-ouvir-depoimento-do-presidente-jair-bolsonaro","status":"publish","type":"post","link":"https:\/\/blogdorogeriogomes.com.br\/noticias\/2020\/06\/pf-pede-ao-ministro-do-stf-celso-de-mello-para-ouvir-depoimento-do-presidente-jair-bolsonaro\/","title":{"rendered":"PF pede ao ministro do STF, Celso de Mello, para ouvir depoimento do presidente Jair Bolsonaro"},"content":{"rendered":"\n<p>Com investiga\u00e7\u00f5es avan\u00e7adas no inqu\u00e9rito que envolve den\u00fancias feiras pelo ex-ministro S\u00e9rgio Moro, a Pol\u00edcia Federal pediu para ouvir Jair Bolsonaro no inqu\u00e9rito da suposta interfer\u00eancia do presidente no \u00f3rg\u00e3o. O depoimento, mesmo por escrito, precisa ser autorizado pelo ministro do Supremo Tribunal Federal, Celso de Mello. Ainda n\u00e3o h\u00e1 data para Bolsonaro ser ouvido pela delegada Christiane Correa Machado, que \u00e9 a respons\u00e1vel pelo caso. Moro disse que Bolsonaro interferiu na PF ao demitir o ent\u00e3o diretor-geral da institui\u00e7\u00e3o, Maur\u00edcio Valeixo.&nbsp;<\/p>\n\n\n\n<p>Em mais um cap\u00edtulo das explica\u00e7\u00f5es prestadas por ministros de Bolsonaro no caso, o ministro do Gabinete de Seguran\u00e7a Institucional (GSI), Augusto Heleno, confirmou em of\u00edcio \u00e0 Pol\u00edcia Federal que foi feita pelo menos uma substitui\u00e7\u00e3o no comando da seguran\u00e7a do presidente Jair Bolsonaro em mar\u00e7o passado, antes da reuni\u00e3o ministerial de 22 de abril. De certa forma, a informa\u00e7\u00e3o enfraquece a linha da defesa presidencial no inqu\u00e9rito que investiga as den\u00fancias do ex-ministro Sergio Moro de suposta interfer\u00eancia na PF.<\/p>\n\n\n\n<figure class=\"wp-block-gallery columns-1 is-cropped wp-block-gallery-1 is-layout-flex wp-block-gallery-is-layout-flex\"><ul class=\"blocks-gallery-grid\"><li class=\"blocks-gallery-item\"><figure><img loading=\"lazy\" decoding=\"async\" width=\"678\" height=\"452\" src=\"http:\/\/blogdorogeriogomes.com.br\/wp-content\/uploads\/2020\/06\/images-7-3.jpeg\" alt=\"\" data-id=\"17253\" data-full-url=\"http:\/\/blogdorogeriogomes.com.br\/wp-content\/uploads\/2020\/06\/images-7-3.jpeg\" data-link=\"http:\/\/blogdorogeriogomes.com.br\/?attachment_id=17253\" class=\"wp-image-17253\" srcset=\"https:\/\/blogdorogeriogomes.com.br\/noticias\/wp-content\/uploads\/2020\/06\/images-7-3.jpeg 678w, https:\/\/blogdorogeriogomes.com.br\/noticias\/wp-content\/uploads\/2020\/06\/images-7-3-300x200.jpeg 300w\" sizes=\"auto, (max-width: 678px) 100vw, 678px\" \/><\/figure><\/li><\/ul><\/figure>\n\n\n\n<p><\/p>\n","protected":false},"excerpt":{"rendered":"<p>Com investiga\u00e7\u00f5es avan\u00e7adas no inqu\u00e9rito que envolve den\u00fancias feiras pelo ex-ministro S\u00e9rgio Moro, a Pol\u00edcia Federal pediu para ouvir Jair Bolsonaro no inqu\u00e9rito da suposta interfer\u00eancia do presidente no \u00f3rg\u00e3o. O depoimento, mesmo por escrito, precisa ser autorizado pelo ministro do Supremo Tribunal Federal, Celso de Mello. Ainda n\u00e3o h\u00e1 data para Bolsonaro ser ouvido pela delegada Christiane Correa Machado, que \u00e9 a respons\u00e1vel pelo caso. Moro disse que Bolsonaro interferiu na PF ao demitir o ent\u00e3o diretor-geral da&hellip;<\/p>\n","protected":false},"author":1,"featured_media":17253,"comment_status":"open","ping_status":"open","sticky":false,"template":"","format":"standard","meta":{"footnotes":""},"categories":[1],"tags":[],"class_list":["post-17252","post","type-post","status-publish","format-standard","has-post-thumbnail","hentry","category-noticias"],"_links":{"self":[{"href":"https:\/\/blogdorogeriogomes.com.br\/noticias\/wp-json\/wp\/v2\/posts\/17252","targetHints":{"allow":["GET"]}}],"collection":[{"href":"https:\/\/blogdorogeriogomes.com.br\/noticias\/wp-json\/wp\/v2\/posts"}],"about":[{"href":"https:\/\/blogdorogeriogomes.com.br\/noticias\/wp-json\/wp\/v2\/types\/post"}],"author":[{"embeddable":true,"href":"https:\/\/blogdorogeriogomes.com.br\/noticias\/wp-json\/wp\/v2\/users\/1"}],"replies":[{"embeddable":true,"href":"https:\/\/blogdorogeriogomes.com.br\/noticias\/wp-json\/wp\/v2\/comments?post=17252"}],"version-history":[{"count":2,"href":"https:\/\/blogdorogeriogomes.com.br\/noticias\/wp-json\/wp\/v2\/posts\/17252\/revisions"}],"predecessor-version":[{"id":17258,"href":"https:\/\/blogdorogeriogomes.com.br\/noticias\/wp-json\/wp\/v2\/posts\/17252\/revisions\/17258"}],"wp:featuredmedia":[{"embeddable":true,"href":"https:\/\/blogdorogeriogomes.com.br\/noticias\/wp-json\/wp\/v2\/media\/17253"}],"wp:attachment":[{"href":"https:\/\/blogdorogeriogomes.com.br\/noticias\/wp-json\/wp\/v2\/media?parent=17252"}],"wp:term":[{"taxonomy":"category","embeddable":true,"href":"https:\/\/blogdorogeriogomes.com.br\/noticias\/wp-json\/wp\/v2\/categories?post=17252"},{"taxonomy":"post_tag","embeddable":true,"href":"https:\/\/blogdorogeriogomes.com.br\/noticias\/wp-json\/wp\/v2\/tags?post=17252"}],"curies":[{"name":"wp","href":"https:\/\/api.w.org\/{rel}","templated":true}]}}