{"id":17255,"date":"2020-06-24T10:35:45","date_gmt":"2020-06-24T10:35:45","guid":{"rendered":"http:\/\/blogdorogeriogomes.com.br\/?p=17255"},"modified":"2020-06-24T10:45:13","modified_gmt":"2020-06-24T10:45:13","slug":"senado-federal-confirma-em-dois-turnos-as-novas-datas-para-as-eleicoes-municipais-de-2020","status":"publish","type":"post","link":"https:\/\/blogdorogeriogomes.com.br\/noticias\/2020\/06\/senado-federal-confirma-em-dois-turnos-as-novas-datas-para-as-eleicoes-municipais-de-2020\/","title":{"rendered":"Senado Federal confirma em dois turnos as novas datas para as elei\u00e7\u00f5es municipais de 2020"},"content":{"rendered":"\n<p>Devido \u00e0 pandemia do coronav\u00edrus, as elei\u00e7\u00f5es municipais de 2020, programadas pelo TSE para outubro, ser\u00e3o adiadas. O Senado Federal aprovou, na noite desta ter\u00e7a-feira, dia 23 de junho, em dois turnos de vota\u00e7\u00f5es, a Proposta de Emenda \u00e0 Constitui\u00e7\u00e3o (PEC) que adia as elei\u00e7\u00f5es municipais de 2020, de outubro para novembro deste ano. Assim, n\u00e3o haver\u00e1 extens\u00e3o de mandatos de prefeitos, vice-prefeitos e vereadores que terminam no fim do ano.<\/p>\n\n\n\n<p>As elei\u00e7\u00f5es municipais passar\u00e3o a ter o primeiro turno em 15 de novembro e o segundo turno em 29 de novembro de 2020. O texto agora segue para a C\u00e2mara dos Deputados, onde tamb\u00e9m precisa ser aprovado em dois turnos.<\/p>\n\n\n\n<figure class=\"wp-block-gallery columns-1 is-cropped wp-block-gallery-1 is-layout-flex wp-block-gallery-is-layout-flex\"><ul class=\"blocks-gallery-grid\"><li class=\"blocks-gallery-item\"><figure><img loading=\"lazy\" decoding=\"async\" width=\"750\" height=\"500\" src=\"http:\/\/blogdorogeriogomes.com.br\/wp-content\/uploads\/2020\/06\/1_senado_enem-12632496.jpg\" alt=\"\" data-id=\"17256\" data-full-url=\"http:\/\/blogdorogeriogomes.com.br\/wp-content\/uploads\/2020\/06\/1_senado_enem-12632496.jpg\" data-link=\"http:\/\/blogdorogeriogomes.com.br\/?attachment_id=17256\" class=\"wp-image-17256\" srcset=\"https:\/\/blogdorogeriogomes.com.br\/noticias\/wp-content\/uploads\/2020\/06\/1_senado_enem-12632496.jpg 750w, https:\/\/blogdorogeriogomes.com.br\/noticias\/wp-content\/uploads\/2020\/06\/1_senado_enem-12632496-300x200.jpg 300w\" sizes=\"auto, (max-width: 750px) 100vw, 750px\" \/><\/figure><\/li><\/ul><\/figure>\n","protected":false},"excerpt":{"rendered":"<p>Devido \u00e0 pandemia do coronav\u00edrus, as elei\u00e7\u00f5es municipais de 2020, programadas pelo TSE para outubro, ser\u00e3o adiadas. O Senado Federal aprovou, na noite desta ter\u00e7a-feira, dia 23 de junho, em dois turnos de vota\u00e7\u00f5es, a Proposta de Emenda \u00e0 Constitui\u00e7\u00e3o (PEC) que adia as elei\u00e7\u00f5es municipais de 2020, de outubro para novembro deste ano. Assim, n\u00e3o haver\u00e1 extens\u00e3o de mandatos de prefeitos, vice-prefeitos e vereadores que terminam no fim do ano. As elei\u00e7\u00f5es municipais passar\u00e3o a ter o primeiro&hellip;<\/p>\n","protected":false},"author":1,"featured_media":17256,"comment_status":"open","ping_status":"open","sticky":false,"template":"","format":"standard","meta":{"footnotes":""},"categories":[1],"tags":[],"class_list":["post-17255","post","type-post","status-publish","format-standard","has-post-thumbnail","hentry","category-noticias"],"_links":{"self":[{"href":"https:\/\/blogdorogeriogomes.com.br\/noticias\/wp-json\/wp\/v2\/posts\/17255","targetHints":{"allow":["GET"]}}],"collection":[{"href":"https:\/\/blogdorogeriogomes.com.br\/noticias\/wp-json\/wp\/v2\/posts"}],"about":[{"href":"https:\/\/blogdorogeriogomes.com.br\/noticias\/wp-json\/wp\/v2\/types\/post"}],"author":[{"embeddable":true,"href":"https:\/\/blogdorogeriogomes.com.br\/noticias\/wp-json\/wp\/v2\/users\/1"}],"replies":[{"embeddable":true,"href":"https:\/\/blogdorogeriogomes.com.br\/noticias\/wp-json\/wp\/v2\/comments?post=17255"}],"version-history":[{"count":1,"href":"https:\/\/blogdorogeriogomes.com.br\/noticias\/wp-json\/wp\/v2\/posts\/17255\/revisions"}],"predecessor-version":[{"id":17257,"href":"https:\/\/blogdorogeriogomes.com.br\/noticias\/wp-json\/wp\/v2\/posts\/17255\/revisions\/17257"}],"wp:featuredmedia":[{"embeddable":true,"href":"https:\/\/blogdorogeriogomes.com.br\/noticias\/wp-json\/wp\/v2\/media\/17256"}],"wp:attachment":[{"href":"https:\/\/blogdorogeriogomes.com.br\/noticias\/wp-json\/wp\/v2\/media?parent=17255"}],"wp:term":[{"taxonomy":"category","embeddable":true,"href":"https:\/\/blogdorogeriogomes.com.br\/noticias\/wp-json\/wp\/v2\/categories?post=17255"},{"taxonomy":"post_tag","embeddable":true,"href":"https:\/\/blogdorogeriogomes.com.br\/noticias\/wp-json\/wp\/v2\/tags?post=17255"}],"curies":[{"name":"wp","href":"https:\/\/api.w.org\/{rel}","templated":true}]}}