{"id":17270,"date":"2020-06-24T19:05:11","date_gmt":"2020-06-24T19:05:11","guid":{"rendered":"http:\/\/blogdorogeriogomes.com.br\/?p=17270"},"modified":"2020-06-25T12:15:24","modified_gmt":"2020-06-25T12:15:24","slug":"associacao-de-funcionarios-do-banco-mundial-pede-que-nomeacao-de-abraham-weintraub-seja-suspensa-para-a-diretoria-da-instituicao","status":"publish","type":"post","link":"https:\/\/blogdorogeriogomes.com.br\/noticias\/2020\/06\/associacao-de-funcionarios-do-banco-mundial-pede-que-nomeacao-de-abraham-weintraub-seja-suspensa-para-a-diretoria-da-instituicao\/","title":{"rendered":"Associa\u00e7\u00e3o de Funcion\u00e1rios do Banco Mundial pede que nomea\u00e7\u00e3o de Abraham Weintraub seja suspensa para a diretoria da institui\u00e7\u00e3o"},"content":{"rendered":"\n<p>O ex-ministro da Educa\u00e7\u00e3o, Abraham Weintraub, entrou na mira da Associa\u00e7\u00e3o de Funcion\u00e1rios do Banco Mundial, que encaminhou uma carta ao Comit\u00ea de \u00c9tica da institui\u00e7\u00e3o pedindo que seja aberta uma investiga\u00e7\u00e3o contra o indicado pelo Governo Jair Bolsonaro para uma diretoria do banco. &nbsp;No documento, protocolado nesta quarta-feira, dia 22 de junho, a associa\u00e7\u00e3o tamb\u00e9m pede que a nomea\u00e7\u00e3o de Weintraub seja suspensa at\u00e9 a conclus\u00e3o do processo. O documento sobre a posi\u00e7\u00e3o da entidade foi encaminhado para todos os funcion\u00e1rios do banco.<\/p>\n\n\n\n<p>A carta destaca as falas preconceituosas do ex-ministro em rela\u00e7\u00e3o \u00e0 China e minorias, e os ataques feitos por ele ao Supremo Tribunal Federal (STF).&nbsp;<\/p>\n\n\n\n<figure class=\"wp-block-gallery columns-1 is-cropped wp-block-gallery-1 is-layout-flex wp-block-gallery-is-layout-flex\"><ul class=\"blocks-gallery-grid\"><li class=\"blocks-gallery-item\"><figure><img loading=\"lazy\" decoding=\"async\" width=\"800\" height=\"384\" src=\"http:\/\/blogdorogeriogomes.com.br\/wp-content\/uploads\/2020\/06\/images-9-2.jpeg\" alt=\"\" data-id=\"17271\" data-full-url=\"http:\/\/blogdorogeriogomes.com.br\/wp-content\/uploads\/2020\/06\/images-9-2.jpeg\" data-link=\"http:\/\/blogdorogeriogomes.com.br\/?attachment_id=17271\" class=\"wp-image-17271\" srcset=\"https:\/\/blogdorogeriogomes.com.br\/noticias\/wp-content\/uploads\/2020\/06\/images-9-2.jpeg 800w, https:\/\/blogdorogeriogomes.com.br\/noticias\/wp-content\/uploads\/2020\/06\/images-9-2-300x144.jpeg 300w, https:\/\/blogdorogeriogomes.com.br\/noticias\/wp-content\/uploads\/2020\/06\/images-9-2-768x369.jpeg 768w\" sizes=\"auto, (max-width: 800px) 100vw, 800px\" \/><\/figure><\/li><\/ul><\/figure>\n","protected":false},"excerpt":{"rendered":"<p>O ex-ministro da Educa\u00e7\u00e3o, Abraham Weintraub, entrou na mira da Associa\u00e7\u00e3o de Funcion\u00e1rios do Banco Mundial, que encaminhou uma carta ao Comit\u00ea de \u00c9tica da institui\u00e7\u00e3o pedindo que seja aberta uma investiga\u00e7\u00e3o contra o indicado pelo Governo Jair Bolsonaro para uma diretoria do banco. &nbsp;No documento, protocolado nesta quarta-feira, dia 22 de junho, a associa\u00e7\u00e3o tamb\u00e9m pede que a nomea\u00e7\u00e3o de Weintraub seja suspensa at\u00e9 a conclus\u00e3o do processo. O documento sobre a posi\u00e7\u00e3o da entidade foi encaminhado para&hellip;<\/p>\n","protected":false},"author":1,"featured_media":17271,"comment_status":"open","ping_status":"open","sticky":false,"template":"","format":"standard","meta":{"footnotes":""},"categories":[1],"tags":[],"class_list":["post-17270","post","type-post","status-publish","format-standard","has-post-thumbnail","hentry","category-noticias"],"_links":{"self":[{"href":"https:\/\/blogdorogeriogomes.com.br\/noticias\/wp-json\/wp\/v2\/posts\/17270","targetHints":{"allow":["GET"]}}],"collection":[{"href":"https:\/\/blogdorogeriogomes.com.br\/noticias\/wp-json\/wp\/v2\/posts"}],"about":[{"href":"https:\/\/blogdorogeriogomes.com.br\/noticias\/wp-json\/wp\/v2\/types\/post"}],"author":[{"embeddable":true,"href":"https:\/\/blogdorogeriogomes.com.br\/noticias\/wp-json\/wp\/v2\/users\/1"}],"replies":[{"embeddable":true,"href":"https:\/\/blogdorogeriogomes.com.br\/noticias\/wp-json\/wp\/v2\/comments?post=17270"}],"version-history":[{"count":2,"href":"https:\/\/blogdorogeriogomes.com.br\/noticias\/wp-json\/wp\/v2\/posts\/17270\/revisions"}],"predecessor-version":[{"id":17288,"href":"https:\/\/blogdorogeriogomes.com.br\/noticias\/wp-json\/wp\/v2\/posts\/17270\/revisions\/17288"}],"wp:featuredmedia":[{"embeddable":true,"href":"https:\/\/blogdorogeriogomes.com.br\/noticias\/wp-json\/wp\/v2\/media\/17271"}],"wp:attachment":[{"href":"https:\/\/blogdorogeriogomes.com.br\/noticias\/wp-json\/wp\/v2\/media?parent=17270"}],"wp:term":[{"taxonomy":"category","embeddable":true,"href":"https:\/\/blogdorogeriogomes.com.br\/noticias\/wp-json\/wp\/v2\/categories?post=17270"},{"taxonomy":"post_tag","embeddable":true,"href":"https:\/\/blogdorogeriogomes.com.br\/noticias\/wp-json\/wp\/v2\/tags?post=17270"}],"curies":[{"name":"wp","href":"https:\/\/api.w.org\/{rel}","templated":true}]}}