{"id":17273,"date":"2020-06-24T19:34:33","date_gmt":"2020-06-24T19:34:33","guid":{"rendered":"http:\/\/blogdorogeriogomes.com.br\/?p=17273"},"modified":"2020-06-25T12:15:06","modified_gmt":"2020-06-25T12:15:06","slug":"cinco-cidades-da-regiao-centro-sul-do-ceara-tambem-vao-entrar-em-lockdown-devido-a-alta-dos-casos-da-covid-19","status":"publish","type":"post","link":"https:\/\/blogdorogeriogomes.com.br\/noticias\/2020\/06\/cinco-cidades-da-regiao-centro-sul-do-ceara-tambem-vao-entrar-em-lockdown-devido-a-alta-dos-casos-da-covid-19\/","title":{"rendered":"Cinco cidades da Regi\u00e3o Centro-Sul do Cear\u00e1 tamb\u00e9m v\u00e3o entrar em &#8220;lockdown&#8221; devido a alta dos casos da Covid-19"},"content":{"rendered":"\n<p>Al\u00e9m de Sobral, na Zona Norte do Cear\u00e1, e Juazeiro do Norte, na Regi\u00e3o do Cariri, mais cinco munic\u00edpios da Regi\u00e3o Centro-Sul v\u00e3o entrar no sistema de &#8220;lockdown&#8221;, a partir desta quinta-feira, dia 25 de junho. S\u00e3o eles: Iguatu, Piquet Carneiro, Momba\u00e7a, Quixel\u00f4 e Cari\u00fas. As prefeituras de Acopiara, Catarina e Saboeiro tamb\u00e9m estudam tomar a mesma medida. O motivo \u00e9 o crescimento no n\u00famero de casos da Covid-19 na regi\u00e3o. A preocupa\u00e7\u00e3o das autoridades de sa\u00fade \u00e9 com a capacidade de atendimento nas unidades de sa\u00fade dos munic\u00edpios, principalmente, na disponibilidade de leitos de UTI. S\u00f3 em Iguatu, j\u00e1 morreram 24 pessoas por coronav\u00edrus desde o in\u00edcio da pandemia.<\/p>\n\n\n\n<p>O &#8220;lockdown&#8221; nos cinco munic\u00edpios vai envolver a ado\u00e7\u00e3o de medidas de isolamento r\u00edgido como o fechamento de supermercados, postos de combust\u00edveis, bancos, restaurantes e farm\u00e1cias. O &#8220;lockdown&#8221; ter\u00e1 validade at\u00e9 1\u00b0 de julho.<\/p>\n\n\n\n<p>Em todo o Cear\u00e1 s\u00e3o 99.302 casos confirmados da Covid-19 e 5.742 mortes causadas pela pandemia, de acordo com dados da Secretaria de Sa\u00fade do Estado at\u00e9 a manh\u00e3 desta quarta-feira, dia 24 de junho.<\/p>\n\n\n\n<figure class=\"wp-block-gallery columns-1 is-cropped wp-block-gallery-1 is-layout-flex wp-block-gallery-is-layout-flex\"><ul class=\"blocks-gallery-grid\"><li class=\"blocks-gallery-item\"><figure><img loading=\"lazy\" decoding=\"async\" width=\"667\" height=\"460\" src=\"http:\/\/blogdorogeriogomes.com.br\/wp-content\/uploads\/2020\/06\/images-12-1.jpeg\" alt=\"\" data-id=\"17274\" data-full-url=\"http:\/\/blogdorogeriogomes.com.br\/wp-content\/uploads\/2020\/06\/images-12-1.jpeg\" data-link=\"http:\/\/blogdorogeriogomes.com.br\/?attachment_id=17274\" class=\"wp-image-17274\" srcset=\"https:\/\/blogdorogeriogomes.com.br\/noticias\/wp-content\/uploads\/2020\/06\/images-12-1.jpeg 667w, https:\/\/blogdorogeriogomes.com.br\/noticias\/wp-content\/uploads\/2020\/06\/images-12-1-300x207.jpeg 300w\" sizes=\"auto, (max-width: 667px) 100vw, 667px\" \/><\/figure><\/li><\/ul><\/figure>\n\n\n\n<p><\/p>\n\n\n\n<p><\/p>\n\n\n\n<p><\/p>\n","protected":false},"excerpt":{"rendered":"<p>Al\u00e9m de Sobral, na Zona Norte do Cear\u00e1, e Juazeiro do Norte, na Regi\u00e3o do Cariri, mais cinco munic\u00edpios da Regi\u00e3o Centro-Sul v\u00e3o entrar no sistema de &#8220;lockdown&#8221;, a partir desta quinta-feira, dia 25 de junho. S\u00e3o eles: Iguatu, Piquet Carneiro, Momba\u00e7a, Quixel\u00f4 e Cari\u00fas. As prefeituras de Acopiara, Catarina e Saboeiro tamb\u00e9m estudam tomar a mesma medida. O motivo \u00e9 o crescimento no n\u00famero de casos da Covid-19 na regi\u00e3o. A preocupa\u00e7\u00e3o das autoridades de sa\u00fade \u00e9 com&hellip;<\/p>\n","protected":false},"author":1,"featured_media":17274,"comment_status":"open","ping_status":"open","sticky":false,"template":"","format":"standard","meta":{"footnotes":""},"categories":[1],"tags":[],"class_list":["post-17273","post","type-post","status-publish","format-standard","has-post-thumbnail","hentry","category-noticias"],"_links":{"self":[{"href":"https:\/\/blogdorogeriogomes.com.br\/noticias\/wp-json\/wp\/v2\/posts\/17273","targetHints":{"allow":["GET"]}}],"collection":[{"href":"https:\/\/blogdorogeriogomes.com.br\/noticias\/wp-json\/wp\/v2\/posts"}],"about":[{"href":"https:\/\/blogdorogeriogomes.com.br\/noticias\/wp-json\/wp\/v2\/types\/post"}],"author":[{"embeddable":true,"href":"https:\/\/blogdorogeriogomes.com.br\/noticias\/wp-json\/wp\/v2\/users\/1"}],"replies":[{"embeddable":true,"href":"https:\/\/blogdorogeriogomes.com.br\/noticias\/wp-json\/wp\/v2\/comments?post=17273"}],"version-history":[{"count":1,"href":"https:\/\/blogdorogeriogomes.com.br\/noticias\/wp-json\/wp\/v2\/posts\/17273\/revisions"}],"predecessor-version":[{"id":17275,"href":"https:\/\/blogdorogeriogomes.com.br\/noticias\/wp-json\/wp\/v2\/posts\/17273\/revisions\/17275"}],"wp:featuredmedia":[{"embeddable":true,"href":"https:\/\/blogdorogeriogomes.com.br\/noticias\/wp-json\/wp\/v2\/media\/17274"}],"wp:attachment":[{"href":"https:\/\/blogdorogeriogomes.com.br\/noticias\/wp-json\/wp\/v2\/media?parent=17273"}],"wp:term":[{"taxonomy":"category","embeddable":true,"href":"https:\/\/blogdorogeriogomes.com.br\/noticias\/wp-json\/wp\/v2\/categories?post=17273"},{"taxonomy":"post_tag","embeddable":true,"href":"https:\/\/blogdorogeriogomes.com.br\/noticias\/wp-json\/wp\/v2\/tags?post=17273"}],"curies":[{"name":"wp","href":"https:\/\/api.w.org\/{rel}","templated":true}]}}