{"id":17276,"date":"2020-06-25T11:04:28","date_gmt":"2020-06-25T11:04:28","guid":{"rendered":"http:\/\/blogdorogeriogomes.com.br\/?p=17276"},"modified":"2020-06-25T12:12:48","modified_gmt":"2020-06-25T12:12:48","slug":"senadores-aprovam-marco-legal-para-o-saneamento-basico-projeto-segue-para-sancao-presidencial","status":"publish","type":"post","link":"https:\/\/blogdorogeriogomes.com.br\/noticias\/2020\/06\/senadores-aprovam-marco-legal-para-o-saneamento-basico-projeto-segue-para-sancao-presidencial\/","title":{"rendered":"Senadores aprovam marco legal para o saneamento b\u00e1sico. Projeto segue para san\u00e7\u00e3o presidencial"},"content":{"rendered":"\n<p>O Senado Federal aprovou, na noite desta quarta-feira, dia 24 de junho, por 65 votos a 13, o projeto de lei que estabelece um novo marco legal para o saneamento b\u00e1sico. A mat\u00e9ria aprovada foi relatada pelo senador cearense Tasso Jereissati (PSDB), que n\u00e3o fez mudan\u00e7as no texto oriundo da C\u00e2mara dos Deputados. A proposta segue agora para a san\u00e7\u00e3o presidencial.<\/p>\n\n\n\n<p>Para Tasso Jereissati, o novo marco legal para o saneamento pode impulsionar novos investimentos e auxiliar na retomada econ\u00f4mica do pa\u00eds.<\/p>\n\n\n\n<p>O projeto permite uma s\u00e9rie de op\u00e7\u00f5es de investimentos para ampliar a rede de saneamento b\u00e1sico no Pa\u00eds, abrindo concorr\u00eancia para as empresas p\u00fablicas, que atualmente t\u00eam exclusividade no segmento.<\/p>\n\n\n\n<p>Quem defende o projeto v\u00ea a possibilidade de atrair investimentos privados para levar \u00e1gua e esgoto a toda a popula\u00e7\u00e3o, melhorar a qualidade do servi\u00e7o e estimular a retomada da economia. J\u00e1 os cr\u00edticos da ideia acredita que a privatiza\u00e7\u00e3o deve encarecer a conta de \u00e1gua, e que regi\u00f5es perif\u00e9ricas n\u00e3o ser\u00e3o atendidas, porque dariam pouco ou nenhum lucro \u00e0s empresas do setor.<\/p>\n\n\n\n<p>Entre a regulamenta\u00e7\u00e3o e a modelagem dos novos projetos, especialistas acreditam que as primeiras licita\u00e7\u00f5es devam come\u00e7ar a sair do papel apenas em 2023.<\/p>\n\n\n\n<figure class=\"wp-block-gallery columns-1 is-cropped wp-block-gallery-1 is-layout-flex wp-block-gallery-is-layout-flex\"><ul class=\"blocks-gallery-grid\"><li class=\"blocks-gallery-item\"><figure><img loading=\"lazy\" decoding=\"async\" width=\"678\" height=\"452\" src=\"http:\/\/blogdorogeriogomes.com.br\/wp-content\/uploads\/2020\/06\/images-13-2.jpeg\" alt=\"\" data-id=\"17277\" data-full-url=\"http:\/\/blogdorogeriogomes.com.br\/wp-content\/uploads\/2020\/06\/images-13-2.jpeg\" data-link=\"http:\/\/blogdorogeriogomes.com.br\/?attachment_id=17277\" class=\"wp-image-17277\" srcset=\"https:\/\/blogdorogeriogomes.com.br\/noticias\/wp-content\/uploads\/2020\/06\/images-13-2.jpeg 678w, https:\/\/blogdorogeriogomes.com.br\/noticias\/wp-content\/uploads\/2020\/06\/images-13-2-300x200.jpeg 300w\" sizes=\"auto, (max-width: 678px) 100vw, 678px\" \/><\/figure><\/li><\/ul><\/figure>\n","protected":false},"excerpt":{"rendered":"<p>O Senado Federal aprovou, na noite desta quarta-feira, dia 24 de junho, por 65 votos a 13, o projeto de lei que estabelece um novo marco legal para o saneamento b\u00e1sico. A mat\u00e9ria aprovada foi relatada pelo senador cearense Tasso Jereissati (PSDB), que n\u00e3o fez mudan\u00e7as no texto oriundo da C\u00e2mara dos Deputados. A proposta segue agora para a san\u00e7\u00e3o presidencial. Para Tasso Jereissati, o novo marco legal para o saneamento pode impulsionar novos investimentos e auxiliar na retomada&hellip;<\/p>\n","protected":false},"author":1,"featured_media":17277,"comment_status":"open","ping_status":"open","sticky":false,"template":"","format":"standard","meta":{"footnotes":""},"categories":[1],"tags":[],"class_list":["post-17276","post","type-post","status-publish","format-standard","has-post-thumbnail","hentry","category-noticias"],"_links":{"self":[{"href":"https:\/\/blogdorogeriogomes.com.br\/noticias\/wp-json\/wp\/v2\/posts\/17276","targetHints":{"allow":["GET"]}}],"collection":[{"href":"https:\/\/blogdorogeriogomes.com.br\/noticias\/wp-json\/wp\/v2\/posts"}],"about":[{"href":"https:\/\/blogdorogeriogomes.com.br\/noticias\/wp-json\/wp\/v2\/types\/post"}],"author":[{"embeddable":true,"href":"https:\/\/blogdorogeriogomes.com.br\/noticias\/wp-json\/wp\/v2\/users\/1"}],"replies":[{"embeddable":true,"href":"https:\/\/blogdorogeriogomes.com.br\/noticias\/wp-json\/wp\/v2\/comments?post=17276"}],"version-history":[{"count":1,"href":"https:\/\/blogdorogeriogomes.com.br\/noticias\/wp-json\/wp\/v2\/posts\/17276\/revisions"}],"predecessor-version":[{"id":17278,"href":"https:\/\/blogdorogeriogomes.com.br\/noticias\/wp-json\/wp\/v2\/posts\/17276\/revisions\/17278"}],"wp:featuredmedia":[{"embeddable":true,"href":"https:\/\/blogdorogeriogomes.com.br\/noticias\/wp-json\/wp\/v2\/media\/17277"}],"wp:attachment":[{"href":"https:\/\/blogdorogeriogomes.com.br\/noticias\/wp-json\/wp\/v2\/media?parent=17276"}],"wp:term":[{"taxonomy":"category","embeddable":true,"href":"https:\/\/blogdorogeriogomes.com.br\/noticias\/wp-json\/wp\/v2\/categories?post=17276"},{"taxonomy":"post_tag","embeddable":true,"href":"https:\/\/blogdorogeriogomes.com.br\/noticias\/wp-json\/wp\/v2\/tags?post=17276"}],"curies":[{"name":"wp","href":"https:\/\/api.w.org\/{rel}","templated":true}]}}