{"id":17280,"date":"2020-06-25T11:37:43","date_gmt":"2020-06-25T11:37:43","guid":{"rendered":"http:\/\/blogdorogeriogomes.com.br\/?p=17280"},"modified":"2020-06-25T12:14:53","modified_gmt":"2020-06-25T12:14:53","slug":"camilo-santana-anuncia-novas-medidas-de-incentivo-ao-setor-produtivo","status":"publish","type":"post","link":"https:\/\/blogdorogeriogomes.com.br\/noticias\/2020\/06\/camilo-santana-anuncia-novas-medidas-de-incentivo-ao-setor-produtivo\/","title":{"rendered":"Camilo Santana anuncia novas medidas de incentivo ao setor produtivo"},"content":{"rendered":"\n<p>O governador Camilo Santana apresenta nesta quinta-feira, dia 25 de junho, novas medidas de apoio do Governo do Estado \u00e0 retomada da economia cearense. Participam da apresenta\u00e7\u00e3o a secret\u00e1ria da Fazenda, Fernanda Pacobahyba, e representantes do setor produtivo.&nbsp;Camilo deve apresentar ao Comit\u00ea Gestor do Simples Nacional um pedido para prorrogar, por mais 90 dias, o prazo para pagamentos do imposto, como forma de ajudar as empresas no momento de crise.<\/p>\n\n\n\n<p>Tamb\u00e9m \u00e9 esperado o an\u00fancio de um pacote de ajuda dever\u00e1 ter ainda um programa de refinanciamento de d\u00edvidas (Refis), que \u00e9 uma demanda do setor produtivo. A proposta \u00e9 auxiliar empresas cearenses na crise provocada pela pandemia do novo coronav\u00edrus.<\/p>\n\n\n\n<figure class=\"wp-block-gallery columns-1 is-cropped wp-block-gallery-1 is-layout-flex wp-block-gallery-is-layout-flex\"><ul class=\"blocks-gallery-grid\"><li class=\"blocks-gallery-item\"><figure><img loading=\"lazy\" decoding=\"async\" width=\"679\" height=\"452\" src=\"http:\/\/blogdorogeriogomes.com.br\/wp-content\/uploads\/2020\/06\/images-14-2.jpeg\" alt=\"\" data-id=\"17281\" data-full-url=\"http:\/\/blogdorogeriogomes.com.br\/wp-content\/uploads\/2020\/06\/images-14-2.jpeg\" data-link=\"http:\/\/blogdorogeriogomes.com.br\/?attachment_id=17281\" class=\"wp-image-17281\" srcset=\"https:\/\/blogdorogeriogomes.com.br\/noticias\/wp-content\/uploads\/2020\/06\/images-14-2.jpeg 679w, https:\/\/blogdorogeriogomes.com.br\/noticias\/wp-content\/uploads\/2020\/06\/images-14-2-300x200.jpeg 300w\" sizes=\"auto, (max-width: 679px) 100vw, 679px\" \/><\/figure><\/li><\/ul><\/figure>\n\n\n\n<p><\/p>\n\n\n\n<p><\/p>\n","protected":false},"excerpt":{"rendered":"<p>O governador Camilo Santana apresenta nesta quinta-feira, dia 25 de junho, novas medidas de apoio do Governo do Estado \u00e0 retomada da economia cearense. Participam da apresenta\u00e7\u00e3o a secret\u00e1ria da Fazenda, Fernanda Pacobahyba, e representantes do setor produtivo.&nbsp;Camilo deve apresentar ao Comit\u00ea Gestor do Simples Nacional um pedido para prorrogar, por mais 90 dias, o prazo para pagamentos do imposto, como forma de ajudar as empresas no momento de crise. Tamb\u00e9m \u00e9 esperado o an\u00fancio de um pacote de&hellip;<\/p>\n","protected":false},"author":1,"featured_media":17281,"comment_status":"open","ping_status":"open","sticky":false,"template":"","format":"standard","meta":{"footnotes":""},"categories":[1],"tags":[],"class_list":["post-17280","post","type-post","status-publish","format-standard","has-post-thumbnail","hentry","category-noticias"],"_links":{"self":[{"href":"https:\/\/blogdorogeriogomes.com.br\/noticias\/wp-json\/wp\/v2\/posts\/17280","targetHints":{"allow":["GET"]}}],"collection":[{"href":"https:\/\/blogdorogeriogomes.com.br\/noticias\/wp-json\/wp\/v2\/posts"}],"about":[{"href":"https:\/\/blogdorogeriogomes.com.br\/noticias\/wp-json\/wp\/v2\/types\/post"}],"author":[{"embeddable":true,"href":"https:\/\/blogdorogeriogomes.com.br\/noticias\/wp-json\/wp\/v2\/users\/1"}],"replies":[{"embeddable":true,"href":"https:\/\/blogdorogeriogomes.com.br\/noticias\/wp-json\/wp\/v2\/comments?post=17280"}],"version-history":[{"count":2,"href":"https:\/\/blogdorogeriogomes.com.br\/noticias\/wp-json\/wp\/v2\/posts\/17280\/revisions"}],"predecessor-version":[{"id":17287,"href":"https:\/\/blogdorogeriogomes.com.br\/noticias\/wp-json\/wp\/v2\/posts\/17280\/revisions\/17287"}],"wp:featuredmedia":[{"embeddable":true,"href":"https:\/\/blogdorogeriogomes.com.br\/noticias\/wp-json\/wp\/v2\/media\/17281"}],"wp:attachment":[{"href":"https:\/\/blogdorogeriogomes.com.br\/noticias\/wp-json\/wp\/v2\/media?parent=17280"}],"wp:term":[{"taxonomy":"category","embeddable":true,"href":"https:\/\/blogdorogeriogomes.com.br\/noticias\/wp-json\/wp\/v2\/categories?post=17280"},{"taxonomy":"post_tag","embeddable":true,"href":"https:\/\/blogdorogeriogomes.com.br\/noticias\/wp-json\/wp\/v2\/tags?post=17280"}],"curies":[{"name":"wp","href":"https:\/\/api.w.org\/{rel}","templated":true}]}}