{"id":17283,"date":"2020-06-25T11:46:33","date_gmt":"2020-06-25T11:46:33","guid":{"rendered":"http:\/\/blogdorogeriogomes.com.br\/?p=17283"},"modified":"2020-06-25T12:14:39","modified_gmt":"2020-06-25T12:14:39","slug":"bolsonarismo-combate-a-pandemia-de-covid-19-e-sucessao-municipal-sao-destaques-do-programa-de-olho-na-politica-desta-semana","status":"publish","type":"post","link":"https:\/\/blogdorogeriogomes.com.br\/noticias\/2020\/06\/bolsonarismo-combate-a-pandemia-de-covid-19-e-sucessao-municipal-sao-destaques-do-programa-de-olho-na-politica-desta-semana\/","title":{"rendered":"Bolsonarismo, combate \u00e0 pandemia de Covid-19 e sucess\u00e3o municipal s\u00e3o destaques do programa \u201cDe Olho na Pol\u00edtica\u201d desta semana"},"content":{"rendered":"\n<p>Na segunda edi\u00e7\u00e3o do programa \u201cDe Olho na Pol\u00edtica\u201d, os jornalistas Rog\u00e9rio Gomes, Cl\u00e1udio Teran e Erivaldo Carvalho debater\u00e3o, nesta quinta-feira, dia 25 de julho, os principais assuntos no jogo do poder nacional, estadual e local.<\/p>\n\n\n\n<p>O programa ser\u00e1 transmitido, ao vivo, no canal do Blog do Rog\u00e9rio Gomes, no Youtube, com in\u00edcio \u00e0s 20h. A partir desta segunda edi\u00e7\u00e3o, internautas poder\u00e3o participar da discuss\u00e3o.<\/p>\n\n\n\n<p>Ser\u00e3o destacados o novo calend\u00e1rio eleitoral de 2020, a pol\u00eamica indica\u00e7\u00e3o do ex-ministro da Educa\u00e7\u00e3o, Abraham Weintraub, para o Banco Mundial, e a poss\u00edvel vinda do presidente Jair Bolsonaro ao Cear\u00e1. <\/p>\n\n\n\n<p>Em n\u00edvel de Cear\u00e1, os tr\u00eas jornalistas discutir\u00e3o a tentativa de puni\u00e7\u00e3o ao deputado estadual bolsonarista Andr\u00e9 Fernandes. No mesmo circuito, tamb\u00e9m ser\u00e3o debatidos os desdobramentos do jantar pol\u00edtico, em Fortaleza, do qual participaram os deputados federais Carla Zambelli (PSL) e Capit\u00e3o Wagner (Pros) &#8211; pr\u00e9-candidato a prefeito.<\/p>\n\n\n\n<p>Os desdobramentos da pandemia do novo coronav\u00edrus segue em an\u00e1lise no programa \u201cDe Olho na Pol\u00edtica\u201d. No plano econ\u00f4mico, o governador Camilo Santana dever\u00e1 anunciar incentivos para a classe empresarial. Por outro lado, pelo menos cinco munic\u00edpios cearenses devem entrar em lockdown.<\/p>\n\n\n\n<p>Rog\u00e9rio Gomes, Erivaldo Carvalho e Cl\u00e1udio Teran focar\u00e3o, ainda, a retomada das obras p\u00fablicas pelo Munic\u00edpio de Fortaleza e seus poss\u00edveis efeitos nesta pr\u00e9-temporada da sucess\u00e3o eleitoral do prefeito Roberto Cl\u00e1udio (PDT).<\/p>\n\n\n\n<p>SERVI\u00c7O<br> Programa \u201cDe Olho na Pol\u00edtica\u201d, com os jornalistas Rog\u00e9rio Gomes, Erivaldo Carvalho e Cl\u00e1udio Teran.<br> Quinta-feira, a partir das 20h<br> www.youtube.com\/jornalistarogeriogomes<\/p>\n\n\n\n<figure class=\"wp-block-gallery columns-1 is-cropped wp-block-gallery-1 is-layout-flex wp-block-gallery-is-layout-flex\"><ul class=\"blocks-gallery-grid\"><li class=\"blocks-gallery-item\"><figure><img loading=\"lazy\" decoding=\"async\" width=\"1024\" height=\"1024\" src=\"http:\/\/blogdorogeriogomes.com.br\/wp-content\/uploads\/2020\/06\/IMG-20200624-WA0045-1024x1024.jpg\" alt=\"\" data-id=\"17284\" data-full-url=\"http:\/\/blogdorogeriogomes.com.br\/wp-content\/uploads\/2020\/06\/IMG-20200624-WA0045.jpg\" data-link=\"http:\/\/blogdorogeriogomes.com.br\/?attachment_id=17284\" class=\"wp-image-17284\" srcset=\"https:\/\/blogdorogeriogomes.com.br\/noticias\/wp-content\/uploads\/2020\/06\/IMG-20200624-WA0045-1024x1024.jpg 1024w, https:\/\/blogdorogeriogomes.com.br\/noticias\/wp-content\/uploads\/2020\/06\/IMG-20200624-WA0045-300x300.jpg 300w, https:\/\/blogdorogeriogomes.com.br\/noticias\/wp-content\/uploads\/2020\/06\/IMG-20200624-WA0045-150x150.jpg 150w, https:\/\/blogdorogeriogomes.com.br\/noticias\/wp-content\/uploads\/2020\/06\/IMG-20200624-WA0045-768x768.jpg 768w, https:\/\/blogdorogeriogomes.com.br\/noticias\/wp-content\/uploads\/2020\/06\/IMG-20200624-WA0045-800x800.jpg 800w, https:\/\/blogdorogeriogomes.com.br\/noticias\/wp-content\/uploads\/2020\/06\/IMG-20200624-WA0045-250x250.jpg 250w, https:\/\/blogdorogeriogomes.com.br\/noticias\/wp-content\/uploads\/2020\/06\/IMG-20200624-WA0045.jpg 1280w\" sizes=\"auto, (max-width: 1024px) 100vw, 1024px\" \/><\/figure><\/li><\/ul><\/figure>\n","protected":false},"excerpt":{"rendered":"<p>Na segunda edi\u00e7\u00e3o do programa \u201cDe Olho na Pol\u00edtica\u201d, os jornalistas Rog\u00e9rio Gomes, Cl\u00e1udio Teran e Erivaldo Carvalho debater\u00e3o, nesta quinta-feira, dia 25 de julho, os principais assuntos no jogo do poder nacional, estadual e local. O programa ser\u00e1 transmitido, ao vivo, no canal do Blog do Rog\u00e9rio Gomes, no Youtube, com in\u00edcio \u00e0s 20h. A partir desta segunda edi\u00e7\u00e3o, internautas poder\u00e3o participar da discuss\u00e3o. Ser\u00e3o destacados o novo calend\u00e1rio eleitoral de 2020, a pol\u00eamica indica\u00e7\u00e3o do ex-ministro da&hellip;<\/p>\n","protected":false},"author":1,"featured_media":17284,"comment_status":"open","ping_status":"open","sticky":false,"template":"","format":"standard","meta":{"footnotes":""},"categories":[1],"tags":[],"class_list":["post-17283","post","type-post","status-publish","format-standard","has-post-thumbnail","hentry","category-noticias"],"_links":{"self":[{"href":"https:\/\/blogdorogeriogomes.com.br\/noticias\/wp-json\/wp\/v2\/posts\/17283","targetHints":{"allow":["GET"]}}],"collection":[{"href":"https:\/\/blogdorogeriogomes.com.br\/noticias\/wp-json\/wp\/v2\/posts"}],"about":[{"href":"https:\/\/blogdorogeriogomes.com.br\/noticias\/wp-json\/wp\/v2\/types\/post"}],"author":[{"embeddable":true,"href":"https:\/\/blogdorogeriogomes.com.br\/noticias\/wp-json\/wp\/v2\/users\/1"}],"replies":[{"embeddable":true,"href":"https:\/\/blogdorogeriogomes.com.br\/noticias\/wp-json\/wp\/v2\/comments?post=17283"}],"version-history":[{"count":1,"href":"https:\/\/blogdorogeriogomes.com.br\/noticias\/wp-json\/wp\/v2\/posts\/17283\/revisions"}],"predecessor-version":[{"id":17285,"href":"https:\/\/blogdorogeriogomes.com.br\/noticias\/wp-json\/wp\/v2\/posts\/17283\/revisions\/17285"}],"wp:featuredmedia":[{"embeddable":true,"href":"https:\/\/blogdorogeriogomes.com.br\/noticias\/wp-json\/wp\/v2\/media\/17284"}],"wp:attachment":[{"href":"https:\/\/blogdorogeriogomes.com.br\/noticias\/wp-json\/wp\/v2\/media?parent=17283"}],"wp:term":[{"taxonomy":"category","embeddable":true,"href":"https:\/\/blogdorogeriogomes.com.br\/noticias\/wp-json\/wp\/v2\/categories?post=17283"},{"taxonomy":"post_tag","embeddable":true,"href":"https:\/\/blogdorogeriogomes.com.br\/noticias\/wp-json\/wp\/v2\/tags?post=17283"}],"curies":[{"name":"wp","href":"https:\/\/api.w.org\/{rel}","templated":true}]}}