{"id":17293,"date":"2020-06-25T18:17:33","date_gmt":"2020-06-25T18:17:33","guid":{"rendered":"http:\/\/blogdorogeriogomes.com.br\/?p=17293"},"modified":"2020-06-25T20:50:45","modified_gmt":"2020-06-25T20:50:45","slug":"tj-do-rio-decide-que-caso-das-rachadinhas-de-flavio-bolsonaro-sera-julgado-na-segunda-instancia","status":"publish","type":"post","link":"https:\/\/blogdorogeriogomes.com.br\/noticias\/2020\/06\/tj-do-rio-decide-que-caso-das-rachadinhas-de-flavio-bolsonaro-sera-julgado-na-segunda-instancia\/","title":{"rendered":"TJ do Rio decide que caso das &#8220;rachadinhas&#8221; de Fl\u00e1vio Bolsonaro ser\u00e1 julgado na segunda inst\u00e2ncia"},"content":{"rendered":"\n<p>Desembargadores da 3\u00aa C\u00e2mara Criminal do Tribunal de Justi\u00e7a do Rio de Janeiro votaram a favor do pedido do senador Fl\u00e1vio Bolsonaro para que a investiga\u00e7\u00e3o conduzida pelo Minist\u00e9rio P\u00fablico do Rio sobre o suposto esquema de rachadinha na Assembleia Legislativa do Rio v\u00e1 para o \u00d3rg\u00e3o Especial do Tribunal em segunda inst\u00e2ncia.<\/p>\n\n\n\n<p>Tamb\u00e9m foi confirmada a validade das decis\u00f5es do juiz Fl\u00e1vio Itabaiana at\u00e9 agora no processo. Ou seja, est\u00e1 mantida a pris\u00e3o de Fabr\u00edcio Queiroz, como tamb\u00e9m, o mandado de pris\u00e3o contra a sua mulher, M\u00e1rcia Oliveira, que est\u00e1 foragida. Os dois s\u00e3o suspeitos de participa\u00e7\u00e3o no esquema das &#8220;rachadinhas&#8221; no gabinete do ent\u00e3o deputado estadual Fl\u00e1vio Bolsonaro. Luciana Pires, advogada do senador, informou que vai pedir a anula\u00e7\u00e3o das decis\u00f5es de Itabaiana.<\/p>\n\n\n\n<figure class=\"wp-block-gallery columns-1 is-cropped wp-block-gallery-1 is-layout-flex wp-block-gallery-is-layout-flex\"><ul class=\"blocks-gallery-grid\"><li class=\"blocks-gallery-item\"><figure><img loading=\"lazy\" decoding=\"async\" width=\"678\" height=\"452\" src=\"http:\/\/blogdorogeriogomes.com.br\/wp-content\/uploads\/2020\/06\/images-25.jpeg\" alt=\"\" data-id=\"17294\" data-full-url=\"http:\/\/blogdorogeriogomes.com.br\/wp-content\/uploads\/2020\/06\/images-25.jpeg\" data-link=\"http:\/\/blogdorogeriogomes.com.br\/?attachment_id=17294\" class=\"wp-image-17294\" srcset=\"https:\/\/blogdorogeriogomes.com.br\/noticias\/wp-content\/uploads\/2020\/06\/images-25.jpeg 678w, https:\/\/blogdorogeriogomes.com.br\/noticias\/wp-content\/uploads\/2020\/06\/images-25-300x200.jpeg 300w\" sizes=\"auto, (max-width: 678px) 100vw, 678px\" \/><\/figure><\/li><\/ul><\/figure>\n","protected":false},"excerpt":{"rendered":"<p>Desembargadores da 3\u00aa C\u00e2mara Criminal do Tribunal de Justi\u00e7a do Rio de Janeiro votaram a favor do pedido do senador Fl\u00e1vio Bolsonaro para que a investiga\u00e7\u00e3o conduzida pelo Minist\u00e9rio P\u00fablico do Rio sobre o suposto esquema de rachadinha na Assembleia Legislativa do Rio v\u00e1 para o \u00d3rg\u00e3o Especial do Tribunal em segunda inst\u00e2ncia. Tamb\u00e9m foi confirmada a validade das decis\u00f5es do juiz Fl\u00e1vio Itabaiana at\u00e9 agora no processo. Ou seja, est\u00e1 mantida a pris\u00e3o de Fabr\u00edcio Queiroz, como tamb\u00e9m,&hellip;<\/p>\n","protected":false},"author":1,"featured_media":17294,"comment_status":"open","ping_status":"open","sticky":false,"template":"","format":"standard","meta":{"footnotes":""},"categories":[1],"tags":[],"class_list":["post-17293","post","type-post","status-publish","format-standard","has-post-thumbnail","hentry","category-noticias"],"_links":{"self":[{"href":"https:\/\/blogdorogeriogomes.com.br\/noticias\/wp-json\/wp\/v2\/posts\/17293","targetHints":{"allow":["GET"]}}],"collection":[{"href":"https:\/\/blogdorogeriogomes.com.br\/noticias\/wp-json\/wp\/v2\/posts"}],"about":[{"href":"https:\/\/blogdorogeriogomes.com.br\/noticias\/wp-json\/wp\/v2\/types\/post"}],"author":[{"embeddable":true,"href":"https:\/\/blogdorogeriogomes.com.br\/noticias\/wp-json\/wp\/v2\/users\/1"}],"replies":[{"embeddable":true,"href":"https:\/\/blogdorogeriogomes.com.br\/noticias\/wp-json\/wp\/v2\/comments?post=17293"}],"version-history":[{"count":1,"href":"https:\/\/blogdorogeriogomes.com.br\/noticias\/wp-json\/wp\/v2\/posts\/17293\/revisions"}],"predecessor-version":[{"id":17295,"href":"https:\/\/blogdorogeriogomes.com.br\/noticias\/wp-json\/wp\/v2\/posts\/17293\/revisions\/17295"}],"wp:featuredmedia":[{"embeddable":true,"href":"https:\/\/blogdorogeriogomes.com.br\/noticias\/wp-json\/wp\/v2\/media\/17294"}],"wp:attachment":[{"href":"https:\/\/blogdorogeriogomes.com.br\/noticias\/wp-json\/wp\/v2\/media?parent=17293"}],"wp:term":[{"taxonomy":"category","embeddable":true,"href":"https:\/\/blogdorogeriogomes.com.br\/noticias\/wp-json\/wp\/v2\/categories?post=17293"},{"taxonomy":"post_tag","embeddable":true,"href":"https:\/\/blogdorogeriogomes.com.br\/noticias\/wp-json\/wp\/v2\/tags?post=17293"}],"curies":[{"name":"wp","href":"https:\/\/api.w.org\/{rel}","templated":true}]}}