{"id":17296,"date":"2020-06-25T18:34:31","date_gmt":"2020-06-25T18:34:31","guid":{"rendered":"http:\/\/blogdorogeriogomes.com.br\/?p=17296"},"modified":"2020-06-25T20:50:26","modified_gmt":"2020-06-25T20:50:26","slug":"jair-bolsonaro-confirma-o-economista-carlos-alberto-decotelli-como-novo-ministro-da-educacao","status":"publish","type":"post","link":"https:\/\/blogdorogeriogomes.com.br\/noticias\/2020\/06\/jair-bolsonaro-confirma-o-economista-carlos-alberto-decotelli-como-novo-ministro-da-educacao\/","title":{"rendered":"Jair Bolsonaro confirma o economista Carlos Alberto Decotelli como novo ministro da Educa\u00e7\u00e3o"},"content":{"rendered":"\n<p>O presidente Jair Bolsonaro confirmou na tarde desta quinta-feira, dia 25 de junho, que o economista Carlos Alberto Decotelli da Silva ser\u00e1 o novo ministro da Educa\u00e7\u00e3o. Ele entra no lugar de Abraham Weintraub, que deixou o cargo na semana passada em meio a investiga\u00e7\u00f5es no STF. Weintraub seguiu para os Estados Unidos onde tenta assumir uma vaga de diretor do Banco Mundial.<\/p>\n\n\n\n<p>O novo ministro trabalhou na equipe de transi\u00e7\u00e3o de Bolsonaro, ap\u00f3s a elei\u00e7\u00e3o presidencial de 2018. Carlos Alberto Decotelli ter\u00e1 o desafio agora de assumir o Minist\u00e9rio da Educa\u00e7\u00e3o cheio de problemas para resolver. Um deles \u00e9 a quest\u00e3o do Exame Nacional do Ensino M\u00e9dio (Enem) 2020, que teve de ser adiado por causa do coronav\u00edrus e ainda n\u00e3o tem data para acontecer. Outra quest\u00e3o \u00e9 o gerenciamento do retorno \u00e0s aulas em todo o Pa\u00eds, a partir do relaxamento da quarentena na maioria dos estados.<\/p>\n\n\n\n<figure class=\"wp-block-gallery columns-1 is-cropped wp-block-gallery-1 is-layout-flex wp-block-gallery-is-layout-flex\"><ul class=\"blocks-gallery-grid\"><li class=\"blocks-gallery-item\"><figure><img loading=\"lazy\" decoding=\"async\" width=\"450\" height=\"337\" src=\"http:\/\/blogdorogeriogomes.com.br\/wp-content\/uploads\/2020\/06\/o-presidente-jair-bolsonaro-sem-partido-e-carlos-alberto-decotelli-da-silva-novo-ministro-da-educacao-1593108927690_v2_450x337.jpg\" alt=\"\" data-id=\"17297\" data-full-url=\"http:\/\/blogdorogeriogomes.com.br\/wp-content\/uploads\/2020\/06\/o-presidente-jair-bolsonaro-sem-partido-e-carlos-alberto-decotelli-da-silva-novo-ministro-da-educacao-1593108927690_v2_450x337.jpg\" data-link=\"http:\/\/blogdorogeriogomes.com.br\/?attachment_id=17297\" class=\"wp-image-17297\" srcset=\"https:\/\/blogdorogeriogomes.com.br\/noticias\/wp-content\/uploads\/2020\/06\/o-presidente-jair-bolsonaro-sem-partido-e-carlos-alberto-decotelli-da-silva-novo-ministro-da-educacao-1593108927690_v2_450x337.jpg 450w, https:\/\/blogdorogeriogomes.com.br\/noticias\/wp-content\/uploads\/2020\/06\/o-presidente-jair-bolsonaro-sem-partido-e-carlos-alberto-decotelli-da-silva-novo-ministro-da-educacao-1593108927690_v2_450x337-300x225.jpg 300w, https:\/\/blogdorogeriogomes.com.br\/noticias\/wp-content\/uploads\/2020\/06\/o-presidente-jair-bolsonaro-sem-partido-e-carlos-alberto-decotelli-da-silva-novo-ministro-da-educacao-1593108927690_v2_450x337-400x300.jpg 400w\" sizes=\"auto, (max-width: 450px) 100vw, 450px\" \/><\/figure><\/li><\/ul><\/figure>\n","protected":false},"excerpt":{"rendered":"<p>O presidente Jair Bolsonaro confirmou na tarde desta quinta-feira, dia 25 de junho, que o economista Carlos Alberto Decotelli da Silva ser\u00e1 o novo ministro da Educa\u00e7\u00e3o. Ele entra no lugar de Abraham Weintraub, que deixou o cargo na semana passada em meio a investiga\u00e7\u00f5es no STF. Weintraub seguiu para os Estados Unidos onde tenta assumir uma vaga de diretor do Banco Mundial. O novo ministro trabalhou na equipe de transi\u00e7\u00e3o de Bolsonaro, ap\u00f3s a elei\u00e7\u00e3o presidencial de 2018.&hellip;<\/p>\n","protected":false},"author":1,"featured_media":17297,"comment_status":"open","ping_status":"open","sticky":false,"template":"","format":"standard","meta":{"footnotes":""},"categories":[1],"tags":[],"class_list":["post-17296","post","type-post","status-publish","format-standard","has-post-thumbnail","hentry","category-noticias"],"_links":{"self":[{"href":"https:\/\/blogdorogeriogomes.com.br\/noticias\/wp-json\/wp\/v2\/posts\/17296","targetHints":{"allow":["GET"]}}],"collection":[{"href":"https:\/\/blogdorogeriogomes.com.br\/noticias\/wp-json\/wp\/v2\/posts"}],"about":[{"href":"https:\/\/blogdorogeriogomes.com.br\/noticias\/wp-json\/wp\/v2\/types\/post"}],"author":[{"embeddable":true,"href":"https:\/\/blogdorogeriogomes.com.br\/noticias\/wp-json\/wp\/v2\/users\/1"}],"replies":[{"embeddable":true,"href":"https:\/\/blogdorogeriogomes.com.br\/noticias\/wp-json\/wp\/v2\/comments?post=17296"}],"version-history":[{"count":1,"href":"https:\/\/blogdorogeriogomes.com.br\/noticias\/wp-json\/wp\/v2\/posts\/17296\/revisions"}],"predecessor-version":[{"id":17298,"href":"https:\/\/blogdorogeriogomes.com.br\/noticias\/wp-json\/wp\/v2\/posts\/17296\/revisions\/17298"}],"wp:featuredmedia":[{"embeddable":true,"href":"https:\/\/blogdorogeriogomes.com.br\/noticias\/wp-json\/wp\/v2\/media\/17297"}],"wp:attachment":[{"href":"https:\/\/blogdorogeriogomes.com.br\/noticias\/wp-json\/wp\/v2\/media?parent=17296"}],"wp:term":[{"taxonomy":"category","embeddable":true,"href":"https:\/\/blogdorogeriogomes.com.br\/noticias\/wp-json\/wp\/v2\/categories?post=17296"},{"taxonomy":"post_tag","embeddable":true,"href":"https:\/\/blogdorogeriogomes.com.br\/noticias\/wp-json\/wp\/v2\/tags?post=17296"}],"curies":[{"name":"wp","href":"https:\/\/api.w.org\/{rel}","templated":true}]}}