{"id":17303,"date":"2020-06-26T11:23:40","date_gmt":"2020-06-26T11:23:40","guid":{"rendered":"http:\/\/blogdorogeriogomes.com.br\/?p=17303"},"modified":"2020-06-29T08:31:57","modified_gmt":"2020-06-29T08:31:57","slug":"apos-13-anos-de-obra-as-aguas-do-rio-sao-francisco-chegam-finalmente-para-abastecer-o-estado-do-ceara","status":"publish","type":"post","link":"https:\/\/blogdorogeriogomes.com.br\/noticias\/2020\/06\/apos-13-anos-de-obra-as-aguas-do-rio-sao-francisco-chegam-finalmente-para-abastecer-o-estado-do-ceara\/","title":{"rendered":"Ap\u00f3s 13 anos de obra, as \u00e1guas do Rio S\u00e3o Francisco chegam finalmente para abastecer o Estado do Cear\u00e1"},"content":{"rendered":"\n<p>A transposi\u00e7\u00e3o do Rio S\u00e3o Francisco foi iniciada ainda em 2007, no Governo Lula. As obras passaram pelos Governos de Dilma Rousseff e Michel Temer. Foram muitas paralisa\u00e7\u00f5es e problemas com repasse de verbas pelo Governo Federal. Finalmente, nesta sexta-feira, dia 26 de junho, as \u00e1guas do Rio S\u00e3o Francisco chegam oficialmente ao Cear\u00e1. O presidente Jair Bolsonaro participa da solenidade em Penaforte, na Regi\u00e3o do Cariri, que marca a conclus\u00e3o da obra. \u00c9 a primeira vez que Bolsonaro vem ao Cear\u00e1 ap\u00f3s ser eleito. O presidente tenta melhorar sua popularidade no Nordeste, onde os seus \u00edndices de aprova\u00e7\u00e3o est\u00e3o em baixa.<\/p>\n\n\n\n<p>A transposi\u00e7\u00e3o do S\u00e3o Francisco envolveu 477 quil\u00f4metros de canal nos Eixos Norte e Leste, com o objetivo de abastecer a\u00e7udes e rios intermitentes no Cear\u00e1, Pernambuco, Para\u00edba e Rio Grande do Norte. <\/p>\n\n\n\n<p>O governador do Cear\u00e1, Camilo Santana, n\u00e3o participa da solenidade no Cariri. &#8220;Hoje \u00e9 um dia importante para o nosso Cear\u00e1: o dia da chegada das \u00e1guas do Rio S\u00e3o Francisco, uma obra de imensa relev\u00e2ncia para nosso estado. Que foi concebida e tocada no Governo Lula, com o apoio do ex-ministro Ciro Gomes, e continuada pelos Governos Dilma, Temer e, agora, Jair Bolsonaro. Agradecemos a todos pela contribui\u00e7\u00e3o para o desenvolvimento dessa obra hist\u00f3rica para o Nordeste, cujo andamento acompanhei de perto nos \u00faltimos seis anos, e muito lutei para sua realiza\u00e7\u00e3o. Minha homenagem aos milhares de oper\u00e1rios, engenheiros e colaboradores que dedicaram todo o seu esfor\u00e7o em dias incans\u00e1veis de trabalho. S\u00f3 ap\u00f3s superarmos este grave momento de pandemia, que j\u00e1 atingiu mais de cem mil irm\u00e3os e irm\u00e3s cearenses, deverei voltar ao local da transposi\u00e7\u00e3o, para ver de perto as \u00e1guas do S\u00e3o Francisco j\u00e1 no nosso Cintur\u00e3o das \u00c1guas, por onde seguir\u00e3o para garantir seguran\u00e7a h\u00eddrica para a popula\u00e7\u00e3o cearense&#8221;, disse Camilo Santana. <\/p>\n\n\n\n<figure class=\"wp-block-gallery columns-1 is-cropped wp-block-gallery-1 is-layout-flex wp-block-gallery-is-layout-flex\"><ul class=\"blocks-gallery-grid\"><li class=\"blocks-gallery-item\"><figure><img loading=\"lazy\" decoding=\"async\" width=\"640\" height=\"480\" src=\"http:\/\/blogdorogeriogomes.com.br\/wp-content\/uploads\/2020\/06\/images-27-1.jpeg\" alt=\"\" data-id=\"17304\" data-full-url=\"http:\/\/blogdorogeriogomes.com.br\/wp-content\/uploads\/2020\/06\/images-27-1.jpeg\" data-link=\"http:\/\/blogdorogeriogomes.com.br\/?attachment_id=17304\" class=\"wp-image-17304\" srcset=\"https:\/\/blogdorogeriogomes.com.br\/noticias\/wp-content\/uploads\/2020\/06\/images-27-1.jpeg 640w, https:\/\/blogdorogeriogomes.com.br\/noticias\/wp-content\/uploads\/2020\/06\/images-27-1-300x225.jpeg 300w, https:\/\/blogdorogeriogomes.com.br\/noticias\/wp-content\/uploads\/2020\/06\/images-27-1-400x300.jpeg 400w\" sizes=\"auto, (max-width: 640px) 100vw, 640px\" \/><\/figure><\/li><\/ul><\/figure>\n\n\n\n<p><\/p>\n\n\n\n<p><\/p>\n","protected":false},"excerpt":{"rendered":"<p>A transposi\u00e7\u00e3o do Rio S\u00e3o Francisco foi iniciada ainda em 2007, no Governo Lula. As obras passaram pelos Governos de Dilma Rousseff e Michel Temer. Foram muitas paralisa\u00e7\u00f5es e problemas com repasse de verbas pelo Governo Federal. Finalmente, nesta sexta-feira, dia 26 de junho, as \u00e1guas do Rio S\u00e3o Francisco chegam oficialmente ao Cear\u00e1. O presidente Jair Bolsonaro participa da solenidade em Penaforte, na Regi\u00e3o do Cariri, que marca a conclus\u00e3o da obra. \u00c9 a primeira vez que Bolsonaro&hellip;<\/p>\n","protected":false},"author":1,"featured_media":17304,"comment_status":"open","ping_status":"open","sticky":false,"template":"","format":"standard","meta":{"footnotes":""},"categories":[1],"tags":[],"class_list":["post-17303","post","type-post","status-publish","format-standard","has-post-thumbnail","hentry","category-noticias"],"_links":{"self":[{"href":"https:\/\/blogdorogeriogomes.com.br\/noticias\/wp-json\/wp\/v2\/posts\/17303","targetHints":{"allow":["GET"]}}],"collection":[{"href":"https:\/\/blogdorogeriogomes.com.br\/noticias\/wp-json\/wp\/v2\/posts"}],"about":[{"href":"https:\/\/blogdorogeriogomes.com.br\/noticias\/wp-json\/wp\/v2\/types\/post"}],"author":[{"embeddable":true,"href":"https:\/\/blogdorogeriogomes.com.br\/noticias\/wp-json\/wp\/v2\/users\/1"}],"replies":[{"embeddable":true,"href":"https:\/\/blogdorogeriogomes.com.br\/noticias\/wp-json\/wp\/v2\/comments?post=17303"}],"version-history":[{"count":1,"href":"https:\/\/blogdorogeriogomes.com.br\/noticias\/wp-json\/wp\/v2\/posts\/17303\/revisions"}],"predecessor-version":[{"id":17305,"href":"https:\/\/blogdorogeriogomes.com.br\/noticias\/wp-json\/wp\/v2\/posts\/17303\/revisions\/17305"}],"wp:featuredmedia":[{"embeddable":true,"href":"https:\/\/blogdorogeriogomes.com.br\/noticias\/wp-json\/wp\/v2\/media\/17304"}],"wp:attachment":[{"href":"https:\/\/blogdorogeriogomes.com.br\/noticias\/wp-json\/wp\/v2\/media?parent=17303"}],"wp:term":[{"taxonomy":"category","embeddable":true,"href":"https:\/\/blogdorogeriogomes.com.br\/noticias\/wp-json\/wp\/v2\/categories?post=17303"},{"taxonomy":"post_tag","embeddable":true,"href":"https:\/\/blogdorogeriogomes.com.br\/noticias\/wp-json\/wp\/v2\/tags?post=17303"}],"curies":[{"name":"wp","href":"https:\/\/api.w.org\/{rel}","templated":true}]}}