{"id":17306,"date":"2020-06-26T21:27:19","date_gmt":"2020-06-26T21:27:19","guid":{"rendered":"http:\/\/blogdorogeriogomes.com.br\/?p=17306"},"modified":"2020-06-29T08:31:38","modified_gmt":"2020-06-29T08:31:38","slug":"ceara-deve-receber-mais-300-respiradores-vindos-da-china-neste-sabado-equipamentos-vao-para-hospitais-do-interior","status":"publish","type":"post","link":"https:\/\/blogdorogeriogomes.com.br\/noticias\/2020\/06\/ceara-deve-receber-mais-300-respiradores-vindos-da-china-neste-sabado-equipamentos-vao-para-hospitais-do-interior\/","title":{"rendered":"Cear\u00e1 deve receber mais 300 respiradores vindos da China neste s\u00e1bado. Equipamentos v\u00e3o para hospitais do interior"},"content":{"rendered":"\n<p>O Governo do Cear\u00e1 aguarda para este s\u00e1bado, dia 27 de junho, a chegada de mais um avi\u00e3o vindo da China com 300 respiradores comprados pelo Estado, que ser\u00e3o utilizados na montagem de leitos de UTI para atendimento de pacientes com o coronav\u00edrus. Como a situa\u00e7\u00e3o de Fortaleza \u00e9 de queda nos internamentos e h\u00e1 crescimento de casos no interior, os equipamentos ser\u00e3o direcionados para regi\u00f5es onde a Covid-19 mostra mais for\u00e7a de cont\u00e1gio. S\u00e3o os casos das regi\u00f5es do Cariri, Norte e Centro-Sul do Cear\u00e1.<\/p>\n\n\n\n<p>O governador Camilo Santana se reuniu nesta sexta-feira, dia 26, com diretores dos 12 hospitais da rede estadual. O encontro teve a participa\u00e7\u00e3o do secret\u00e1rio da Sa\u00fade do Estado, Dr. Cabeto. As unidades de sa\u00fade do interior ser\u00e3o refor\u00e7adas com os novos equipamentos que v\u00e3o chegar da China, principalmente, os respiradores para a montagem de leitos de UTI.<\/p>\n\n\n\n<p>De acordo com o boletim divulgado pela Secretaria de Sa\u00fade do Cear\u00e1, no fim da tarde desta sexta-feira, dia 26 de junho, todos os 184 munic\u00edpios do Estado j\u00e1 confirmaram casos da Covid-19. S\u00e3o 105.270 pessoas infectadas e 5.962 mortes pela doen\u00e7a. O balan\u00e7o mostra 78.903 pacientes recuperados no Cear\u00e1.<\/p>\n\n\n\n<figure class=\"wp-block-gallery columns-1 is-cropped wp-block-gallery-1 is-layout-flex wp-block-gallery-is-layout-flex\"><ul class=\"blocks-gallery-grid\"><li class=\"blocks-gallery-item\"><figure><img loading=\"lazy\" decoding=\"async\" width=\"1024\" height=\"768\" src=\"http:\/\/blogdorogeriogomes.com.br\/wp-content\/uploads\/2020\/06\/IMG-20200626-WA0084.jpg\" alt=\"\" data-id=\"17307\" data-full-url=\"http:\/\/blogdorogeriogomes.com.br\/wp-content\/uploads\/2020\/06\/IMG-20200626-WA0084.jpg\" data-link=\"http:\/\/blogdorogeriogomes.com.br\/?attachment_id=17307\" class=\"wp-image-17307\" srcset=\"https:\/\/blogdorogeriogomes.com.br\/noticias\/wp-content\/uploads\/2020\/06\/IMG-20200626-WA0084.jpg 1024w, https:\/\/blogdorogeriogomes.com.br\/noticias\/wp-content\/uploads\/2020\/06\/IMG-20200626-WA0084-300x225.jpg 300w, https:\/\/blogdorogeriogomes.com.br\/noticias\/wp-content\/uploads\/2020\/06\/IMG-20200626-WA0084-768x576.jpg 768w, https:\/\/blogdorogeriogomes.com.br\/noticias\/wp-content\/uploads\/2020\/06\/IMG-20200626-WA0084-800x600.jpg 800w, https:\/\/blogdorogeriogomes.com.br\/noticias\/wp-content\/uploads\/2020\/06\/IMG-20200626-WA0084-400x300.jpg 400w\" sizes=\"auto, (max-width: 1024px) 100vw, 1024px\" \/><\/figure><\/li><\/ul><\/figure>\n","protected":false},"excerpt":{"rendered":"<p>O Governo do Cear\u00e1 aguarda para este s\u00e1bado, dia 27 de junho, a chegada de mais um avi\u00e3o vindo da China com 300 respiradores comprados pelo Estado, que ser\u00e3o utilizados na montagem de leitos de UTI para atendimento de pacientes com o coronav\u00edrus. Como a situa\u00e7\u00e3o de Fortaleza \u00e9 de queda nos internamentos e h\u00e1 crescimento de casos no interior, os equipamentos ser\u00e3o direcionados para regi\u00f5es onde a Covid-19 mostra mais for\u00e7a de cont\u00e1gio. S\u00e3o os casos das regi\u00f5es&hellip;<\/p>\n","protected":false},"author":1,"featured_media":17307,"comment_status":"open","ping_status":"open","sticky":false,"template":"","format":"standard","meta":{"footnotes":""},"categories":[1],"tags":[],"class_list":["post-17306","post","type-post","status-publish","format-standard","has-post-thumbnail","hentry","category-noticias"],"_links":{"self":[{"href":"https:\/\/blogdorogeriogomes.com.br\/noticias\/wp-json\/wp\/v2\/posts\/17306","targetHints":{"allow":["GET"]}}],"collection":[{"href":"https:\/\/blogdorogeriogomes.com.br\/noticias\/wp-json\/wp\/v2\/posts"}],"about":[{"href":"https:\/\/blogdorogeriogomes.com.br\/noticias\/wp-json\/wp\/v2\/types\/post"}],"author":[{"embeddable":true,"href":"https:\/\/blogdorogeriogomes.com.br\/noticias\/wp-json\/wp\/v2\/users\/1"}],"replies":[{"embeddable":true,"href":"https:\/\/blogdorogeriogomes.com.br\/noticias\/wp-json\/wp\/v2\/comments?post=17306"}],"version-history":[{"count":1,"href":"https:\/\/blogdorogeriogomes.com.br\/noticias\/wp-json\/wp\/v2\/posts\/17306\/revisions"}],"predecessor-version":[{"id":17308,"href":"https:\/\/blogdorogeriogomes.com.br\/noticias\/wp-json\/wp\/v2\/posts\/17306\/revisions\/17308"}],"wp:featuredmedia":[{"embeddable":true,"href":"https:\/\/blogdorogeriogomes.com.br\/noticias\/wp-json\/wp\/v2\/media\/17307"}],"wp:attachment":[{"href":"https:\/\/blogdorogeriogomes.com.br\/noticias\/wp-json\/wp\/v2\/media?parent=17306"}],"wp:term":[{"taxonomy":"category","embeddable":true,"href":"https:\/\/blogdorogeriogomes.com.br\/noticias\/wp-json\/wp\/v2\/categories?post=17306"},{"taxonomy":"post_tag","embeddable":true,"href":"https:\/\/blogdorogeriogomes.com.br\/noticias\/wp-json\/wp\/v2\/tags?post=17306"}],"curies":[{"name":"wp","href":"https:\/\/api.w.org\/{rel}","templated":true}]}}