{"id":17309,"date":"2020-06-26T21:49:22","date_gmt":"2020-06-26T21:49:22","guid":{"rendered":"http:\/\/blogdorogeriogomes.com.br\/?p=17309"},"modified":"2020-06-29T08:31:29","modified_gmt":"2020-06-29T08:31:29","slug":"roberto-claudio-assina-neste-sabado-a-ordem-de-servico-para-a-construcao-do-novo-hospital-gonzaguinha-do-jose-walter","status":"publish","type":"post","link":"https:\/\/blogdorogeriogomes.com.br\/noticias\/2020\/06\/roberto-claudio-assina-neste-sabado-a-ordem-de-servico-para-a-construcao-do-novo-hospital-gonzaguinha-do-jose-walter\/","title":{"rendered":"Roberto Cl\u00e1udio assina neste s\u00e1bado a ordem de servi\u00e7o para a constru\u00e7\u00e3o do novo hospital Gonzaguinha do Jos\u00e9 Walter"},"content":{"rendered":"\n<p>O prefeito de Fortaleza, Roberto Cl\u00e1udio, assina neste s\u00e1bado, dia 27 de junho, a ordem de servi\u00e7o para a constru\u00e7\u00e3o do novo Hospital Distrital Gonzaga Mota Jos\u00e9 Walter, o Gonzaguinha do Jos\u00e9 Walter. A solenidade ser\u00e1 transmitida pela TV Terra do Sol, canal oficial da Prefeitura de Fortaleza, como tamb\u00e9m pelas redes sociais.<\/p>\n\n\n\n<p>O novo Hospital contar\u00e1 com 154 leitos, centro cir\u00fargico, urg\u00eancia obst\u00e9trica, interna\u00e7\u00e3o conjunta, interna\u00e7\u00e3o cl\u00ednica e atuar\u00e1 na sa\u00fade materno-infantil, cl\u00ednica m\u00e9dica com leitos psicossociais, al\u00e9m dos atendimentos de emerg\u00eancia.<\/p>\n\n\n\n<figure class=\"wp-block-gallery columns-1 is-cropped wp-block-gallery-1 is-layout-flex wp-block-gallery-is-layout-flex\"><ul class=\"blocks-gallery-grid\"><li class=\"blocks-gallery-item\"><figure><img loading=\"lazy\" decoding=\"async\" width=\"723\" height=\"424\" src=\"http:\/\/blogdorogeriogomes.com.br\/wp-content\/uploads\/2020\/06\/images-28-1.jpeg\" alt=\"\" data-id=\"17310\" data-full-url=\"http:\/\/blogdorogeriogomes.com.br\/wp-content\/uploads\/2020\/06\/images-28-1.jpeg\" data-link=\"http:\/\/blogdorogeriogomes.com.br\/?attachment_id=17310\" class=\"wp-image-17310\" srcset=\"https:\/\/blogdorogeriogomes.com.br\/noticias\/wp-content\/uploads\/2020\/06\/images-28-1.jpeg 723w, https:\/\/blogdorogeriogomes.com.br\/noticias\/wp-content\/uploads\/2020\/06\/images-28-1-300x176.jpeg 300w\" sizes=\"auto, (max-width: 723px) 100vw, 723px\" \/><\/figure><\/li><\/ul><\/figure>\n","protected":false},"excerpt":{"rendered":"<p>O prefeito de Fortaleza, Roberto Cl\u00e1udio, assina neste s\u00e1bado, dia 27 de junho, a ordem de servi\u00e7o para a constru\u00e7\u00e3o do novo Hospital Distrital Gonzaga Mota Jos\u00e9 Walter, o Gonzaguinha do Jos\u00e9 Walter. A solenidade ser\u00e1 transmitida pela TV Terra do Sol, canal oficial da Prefeitura de Fortaleza, como tamb\u00e9m pelas redes sociais. O novo Hospital contar\u00e1 com 154 leitos, centro cir\u00fargico, urg\u00eancia obst\u00e9trica, interna\u00e7\u00e3o conjunta, interna\u00e7\u00e3o cl\u00ednica e atuar\u00e1 na sa\u00fade materno-infantil, cl\u00ednica m\u00e9dica com leitos psicossociais, al\u00e9m&hellip;<\/p>\n","protected":false},"author":1,"featured_media":17310,"comment_status":"open","ping_status":"open","sticky":false,"template":"","format":"standard","meta":{"footnotes":""},"categories":[1],"tags":[],"class_list":["post-17309","post","type-post","status-publish","format-standard","has-post-thumbnail","hentry","category-noticias"],"_links":{"self":[{"href":"https:\/\/blogdorogeriogomes.com.br\/noticias\/wp-json\/wp\/v2\/posts\/17309","targetHints":{"allow":["GET"]}}],"collection":[{"href":"https:\/\/blogdorogeriogomes.com.br\/noticias\/wp-json\/wp\/v2\/posts"}],"about":[{"href":"https:\/\/blogdorogeriogomes.com.br\/noticias\/wp-json\/wp\/v2\/types\/post"}],"author":[{"embeddable":true,"href":"https:\/\/blogdorogeriogomes.com.br\/noticias\/wp-json\/wp\/v2\/users\/1"}],"replies":[{"embeddable":true,"href":"https:\/\/blogdorogeriogomes.com.br\/noticias\/wp-json\/wp\/v2\/comments?post=17309"}],"version-history":[{"count":1,"href":"https:\/\/blogdorogeriogomes.com.br\/noticias\/wp-json\/wp\/v2\/posts\/17309\/revisions"}],"predecessor-version":[{"id":17311,"href":"https:\/\/blogdorogeriogomes.com.br\/noticias\/wp-json\/wp\/v2\/posts\/17309\/revisions\/17311"}],"wp:featuredmedia":[{"embeddable":true,"href":"https:\/\/blogdorogeriogomes.com.br\/noticias\/wp-json\/wp\/v2\/media\/17310"}],"wp:attachment":[{"href":"https:\/\/blogdorogeriogomes.com.br\/noticias\/wp-json\/wp\/v2\/media?parent=17309"}],"wp:term":[{"taxonomy":"category","embeddable":true,"href":"https:\/\/blogdorogeriogomes.com.br\/noticias\/wp-json\/wp\/v2\/categories?post=17309"},{"taxonomy":"post_tag","embeddable":true,"href":"https:\/\/blogdorogeriogomes.com.br\/noticias\/wp-json\/wp\/v2\/tags?post=17309"}],"curies":[{"name":"wp","href":"https:\/\/api.w.org\/{rel}","templated":true}]}}